{"id":2916,"date":"2022-04-26T10:30:30","date_gmt":"2022-04-26T08:30:30","guid":{"rendered":"https:\/\/agora.xtec.cat\/ceipgranullarius\/?p=2916"},"modified":"2022-04-26T10:30:30","modified_gmt":"2022-04-26T08:30:30","slug":"cros-anna-mogas-2022","status":"publish","type":"post","link":"https:\/\/agora.xtec.cat\/ceipgranullarius\/educacio-infantil\/cros-anna-mogas-2022\/","title":{"rendered":"CROS ANNA MOGAS 2022"},"content":{"rendered":"<p style=\"text-align: center;\"><a href=\"https:\/\/agora.xtec.cat\/ceipgranullarius\/wp-content\/uploads\/usu769\/2022\/04\/portada-800-x-533.jpg\"><img loading=\"lazy\" decoding=\"async\" class=\"aligncenter size-medium wp-image-2917\" src=\"https:\/\/agora.xtec.cat\/ceipgranullarius\/wp-content\/uploads\/usu769\/2022\/04\/portada-800-x-533-300x200.jpg\" alt=\"\" width=\"300\" height=\"200\" srcset=\"https:\/\/agora.xtec.cat\/ceipgranullarius\/wp-content\/uploads\/usu769\/2022\/04\/portada-800-x-533-300x200.jpg 300w, https:\/\/agora.xtec.cat\/ceipgranullarius\/wp-content\/uploads\/usu769\/2022\/04\/portada-800-x-533-768x512.jpg 768w, https:\/\/agora.xtec.cat\/ceipgranullarius\/wp-content\/uploads\/usu769\/2022\/04\/portada-800-x-533.jpg 800w\" sizes=\"auto, (max-width: 300px) 100vw, 300px\" \/><\/a><\/p>\n<p><span style=\"font-weight: 400;\">Aquest\u00a0 diumenge 24 d\u2019abril s\u2019ha celebrat el 41\u00e8 Cros de l\u2019Anna Mogas.\u00a0 Despr\u00e9s de dos anys de pand\u00e8mia, s\u2019ha tornat a realitzar aquest gran esdeveniment. Aquesta cursa, qu\u00e8 \u00e9s una de les m\u00e9s antigues de la nostra ciutat, ha comptat amb\u00a0 una representaci\u00f3 de m\u00e9s d\u2019una vintena d&#8217;alumnes de la nostra escola que han participat en cadascuna de les categories . El seu esfor\u00e7 s\u2019ha vist recompensat travessant tots ells i elles la l\u00ednia de meta . Moltes felicitats a tots els nens i nenes que heu participat\u00a0 !!!<\/span><\/p>\n<p><a href=\"https:\/\/photos.app.goo.gl\/YCXdnhaD6txitKzf7\">\u00c0lbum de fotos.<\/a><\/p>\n","protected":false},"excerpt":{"rendered":"<p><a href=\"https:\/\/agora.xtec.cat\/ceipgranullarius\/wp-content\/uploads\/usu769\/2022\/04\/portada-800-x-533.jpg\"><\/a><br \/>\nAquest\u00a0 diumenge 24 d\u2019abril s\u2019ha celebrat el 41\u00e8 Cros de l\u2019Anna Mogas.\u00a0 Despr\u00e9s de dos anys de pand\u00e8mia, s\u2019ha tornat a realitzar aquest gran esdeveniment. Aquesta cursa, qu\u00e8 \u00e9s una de les m\u00e9s antigues de la nostra ciutat, ha comptat amb\u00a0 una representaci\u00f3 de&hellip;  <a href=\"https:\/\/agora.xtec.cat\/ceipgranullarius\/educacio-infantil\/cros-anna-mogas-2022\/\" title=\"Read CROS ANNA MOGAS 2022\">Llegeix m\u00e9s\u00bb<\/a><\/p>\n","protected":false},"author":1,"featured_media":0,"comment_status":"closed","ping_status":"closed","sticky":false,"template":"","format":"standard","meta":{"_bbp_topic_count":0,"_bbp_reply_count":0,"_bbp_total_topic_count":0,"_bbp_total_reply_count":0,"_bbp_voice_count":0,"_bbp_anonymous_reply_count":0,"_bbp_topic_count_hidden":0,"_bbp_reply_count_hidden":0,"_bbp_forum_subforum_count":0,"footnotes":""},"categories":[2,4],"tags":[],"class_list":["post-2916","post","type-post","status-publish","format-standard","hentry","category-educacio-infantil","category-portada"],"post_mailing_queue_ids":[],"_links":{"self":[{"href":"https:\/\/agora.xtec.cat\/ceipgranullarius\/wp-json\/wp\/v2\/posts\/2916","targetHints":{"allow":["GET"]}}],"collection":[{"href":"https:\/\/agora.xtec.cat\/ceipgranullarius\/wp-json\/wp\/v2\/posts"}],"about":[{"href":"https:\/\/agora.xtec.cat\/ceipgranullarius\/wp-json\/wp\/v2\/types\/post"}],"author":[{"embeddable":true,"href":"https:\/\/agora.xtec.cat\/ceipgranullarius\/wp-json\/wp\/v2\/users\/1"}],"replies":[{"embeddable":true,"href":"https:\/\/agora.xtec.cat\/ceipgranullarius\/wp-json\/wp\/v2\/comments?post=2916"}],"version-history":[{"count":1,"href":"https:\/\/agora.xtec.cat\/ceipgranullarius\/wp-json\/wp\/v2\/posts\/2916\/revisions"}],"predecessor-version":[{"id":2918,"href":"https:\/\/agora.xtec.cat\/ceipgranullarius\/wp-json\/wp\/v2\/posts\/2916\/revisions\/2918"}],"wp:attachment":[{"href":"https:\/\/agora.xtec.cat\/ceipgranullarius\/wp-json\/wp\/v2\/media?parent=2916"}],"wp:term":[{"taxonomy":"category","embeddable":true,"href":"https:\/\/agora.xtec.cat\/ceipgranullarius\/wp-json\/wp\/v2\/categories?post=2916"},{"taxonomy":"post_tag","embeddable":true,"href":"https:\/\/agora.xtec.cat\/ceipgranullarius\/wp-json\/wp\/v2\/tags?post=2916"}],"curies":[{"name":"wp","href":"https:\/\/api.w.org\/{rel}","templated":true}]}}