{"id":2907,"date":"2022-04-19T12:30:04","date_gmt":"2022-04-19T10:30:04","guid":{"rendered":"https:\/\/agora.xtec.cat\/ceipgranullarius\/?p=2907"},"modified":"2022-04-19T12:30:04","modified_gmt":"2022-04-19T10:30:04","slug":"3r-la-vergonya","status":"publish","type":"post","link":"https:\/\/agora.xtec.cat\/ceipgranullarius\/portada\/3r-la-vergonya\/","title":{"rendered":"3r. La vergonya\u00a0"},"content":{"rendered":"<p style=\"text-align: center;\"><a href=\"https:\/\/agora.xtec.cat\/ceipgranullarius\/wp-content\/uploads\/usu769\/2022\/04\/Portada-1-2-scaled.jpg\"><img loading=\"lazy\" decoding=\"async\" class=\"aligncenter size-medium wp-image-2908\" src=\"https:\/\/agora.xtec.cat\/ceipgranullarius\/wp-content\/uploads\/usu769\/2022\/04\/Portada-1-2-300x225.jpg\" alt=\"\" width=\"300\" height=\"225\" srcset=\"https:\/\/agora.xtec.cat\/ceipgranullarius\/wp-content\/uploads\/usu769\/2022\/04\/Portada-1-2-300x225.jpg 300w, https:\/\/agora.xtec.cat\/ceipgranullarius\/wp-content\/uploads\/usu769\/2022\/04\/Portada-1-2-1024x768.jpg 1024w, https:\/\/agora.xtec.cat\/ceipgranullarius\/wp-content\/uploads\/usu769\/2022\/04\/Portada-1-2-768x576.jpg 768w, https:\/\/agora.xtec.cat\/ceipgranullarius\/wp-content\/uploads\/usu769\/2022\/04\/Portada-1-2-1536x1152.jpg 1536w, https:\/\/agora.xtec.cat\/ceipgranullarius\/wp-content\/uploads\/usu769\/2022\/04\/Portada-1-2-2048x1536.jpg 2048w, https:\/\/agora.xtec.cat\/ceipgranullarius\/wp-content\/uploads\/usu769\/2022\/04\/Portada-1-2-200x150.jpg 200w\" sizes=\"auto, (max-width: 300px) 100vw, 300px\" \/><\/a><\/p>\n<p><span style=\"font-weight: 400;\">Els alumnes de 3r hem estat treballant a valors l\u2019emoci\u00f3 de la <\/span><b>vergonya<\/b><span style=\"font-weight: 400;\"> a partir d\u2019un conte anomenat <\/span><b><i>Blai, el petit xai<\/i><\/b><span style=\"font-weight: 400;\">. Primer de tot hem escoltat atentament el conte i, un cop acabat, l\u2019hem comentat i hem identificat l\u2019emoci\u00f3 de qu\u00e8 es tractava. Llavors, individualment, hem apuntat en un post-it verd algun moment en qu\u00e8 hem sentit vergonya i, en un de groc, el que ens passa quan sentim vergonya. Finalment, hem anat sortint a la pissarra per enganxar els paperets damunt el dibuix d\u2019en Blai i, si ens venia de gust, ho explic\u00e0vem i compart\u00edem amb la resta de la classe. Qu\u00e8 b\u00e9 ens ha anat parlar d\u2019aquesta emoci\u00f3!<\/span><\/p>\n<p><a href=\"https:\/\/photos.app.goo.gl\/UKbmXu8TJynKwmPt8\">\u00c0lbum de fotos 3r A.<\/a><\/p>\n<p><a href=\"https:\/\/photos.app.goo.gl\/Q9pb1c8SfnsRrxUr9\">3r B.<\/a><\/p>\n","protected":false},"excerpt":{"rendered":"<p><a href=\"https:\/\/agora.xtec.cat\/ceipgranullarius\/wp-content\/uploads\/usu769\/2022\/04\/Portada-1-2-scaled.jpg\"><\/a><br \/>\nEls alumnes de 3r hem estat treballant a valors l\u2019emoci\u00f3 de la vergonya a partir d\u2019un conte anomenat Blai, el petit xai. Primer de tot hem escoltat atentament el conte i, un cop acabat, l\u2019hem comentat i hem identificat l\u2019emoci\u00f3 de qu\u00e8 es tractava.&hellip;  <a href=\"https:\/\/agora.xtec.cat\/ceipgranullarius\/portada\/3r-la-vergonya\/\" title=\"Read 3r. La vergonya\u00a0\">Llegeix m\u00e9s\u00bb<\/a><\/p>\n","protected":false},"author":1,"featured_media":0,"comment_status":"closed","ping_status":"closed","sticky":false,"template":"","format":"standard","meta":{"_bbp_topic_count":0,"_bbp_reply_count":0,"_bbp_total_topic_count":0,"_bbp_total_reply_count":0,"_bbp_voice_count":0,"_bbp_anonymous_reply_count":0,"_bbp_topic_count_hidden":0,"_bbp_reply_count_hidden":0,"_bbp_forum_subforum_count":0,"footnotes":""},"categories":[12,4],"tags":[],"class_list":["post-2907","post","type-post","status-publish","format-standard","hentry","category-3r","category-portada"],"post_mailing_queue_ids":[],"_links":{"self":[{"href":"https:\/\/agora.xtec.cat\/ceipgranullarius\/wp-json\/wp\/v2\/posts\/2907","targetHints":{"allow":["GET"]}}],"collection":[{"href":"https:\/\/agora.xtec.cat\/ceipgranullarius\/wp-json\/wp\/v2\/posts"}],"about":[{"href":"https:\/\/agora.xtec.cat\/ceipgranullarius\/wp-json\/wp\/v2\/types\/post"}],"author":[{"embeddable":true,"href":"https:\/\/agora.xtec.cat\/ceipgranullarius\/wp-json\/wp\/v2\/users\/1"}],"replies":[{"embeddable":true,"href":"https:\/\/agora.xtec.cat\/ceipgranullarius\/wp-json\/wp\/v2\/comments?post=2907"}],"version-history":[{"count":1,"href":"https:\/\/agora.xtec.cat\/ceipgranullarius\/wp-json\/wp\/v2\/posts\/2907\/revisions"}],"predecessor-version":[{"id":2909,"href":"https:\/\/agora.xtec.cat\/ceipgranullarius\/wp-json\/wp\/v2\/posts\/2907\/revisions\/2909"}],"wp:attachment":[{"href":"https:\/\/agora.xtec.cat\/ceipgranullarius\/wp-json\/wp\/v2\/media?parent=2907"}],"wp:term":[{"taxonomy":"category","embeddable":true,"href":"https:\/\/agora.xtec.cat\/ceipgranullarius\/wp-json\/wp\/v2\/categories?post=2907"},{"taxonomy":"post_tag","embeddable":true,"href":"https:\/\/agora.xtec.cat\/ceipgranullarius\/wp-json\/wp\/v2\/tags?post=2907"}],"curies":[{"name":"wp","href":"https:\/\/api.w.org\/{rel}","templated":true}]}}