{"id":2883,"date":"2022-04-14T17:40:06","date_gmt":"2022-04-14T15:40:06","guid":{"rendered":"https:\/\/agora.xtec.cat\/ceipgranullarius\/?p=2883"},"modified":"2022-04-14T17:40:06","modified_gmt":"2022-04-14T15:40:06","slug":"jornades-esportives-de-primaria","status":"publish","type":"post","link":"https:\/\/agora.xtec.cat\/ceipgranullarius\/portada\/jornades-esportives-de-primaria\/","title":{"rendered":"JORNADES ESPORTIVES DE PRIM\u00c0RIA"},"content":{"rendered":"<p style=\"text-align: center;\"><a href=\"https:\/\/agora.xtec.cat\/ceipgranullarius\/wp-content\/uploads\/usu769\/2022\/04\/portada--scaled.jpg\"><img loading=\"lazy\" decoding=\"async\" class=\"aligncenter size-medium wp-image-2884\" src=\"https:\/\/agora.xtec.cat\/ceipgranullarius\/wp-content\/uploads\/usu769\/2022\/04\/portada--169x300.jpg\" alt=\"\" width=\"169\" height=\"300\" srcset=\"https:\/\/agora.xtec.cat\/ceipgranullarius\/wp-content\/uploads\/usu769\/2022\/04\/portada--169x300.jpg 169w, https:\/\/agora.xtec.cat\/ceipgranullarius\/wp-content\/uploads\/usu769\/2022\/04\/portada--576x1024.jpg 576w, https:\/\/agora.xtec.cat\/ceipgranullarius\/wp-content\/uploads\/usu769\/2022\/04\/portada--768x1365.jpg 768w, https:\/\/agora.xtec.cat\/ceipgranullarius\/wp-content\/uploads\/usu769\/2022\/04\/portada--864x1536.jpg 864w, https:\/\/agora.xtec.cat\/ceipgranullarius\/wp-content\/uploads\/usu769\/2022\/04\/portada--1152x2048.jpg 1152w, https:\/\/agora.xtec.cat\/ceipgranullarius\/wp-content\/uploads\/usu769\/2022\/04\/portada--scaled.jpg 1440w\" sizes=\"auto, (max-width: 169px) 100vw, 169px\" \/><\/a><\/p>\n<p><span style=\"font-weight: 400;\">\u00a0L\u2019alumnat de 6\u00e8 va participar de les<\/span><b> JORNADES ESPORTIVES DE PRIM\u00c0RIA <\/b><span style=\"font-weight: 400;\">que es varen dur a terme el passat\u00a0 dia 1 d\u2019abril, organitzades per l\u2019AE Vallbona i el Consell Esportiu del Vall\u00e8s Oriental.<\/span><\/p>\n<p><span style=\"font-weight: 400;\">\u00a0L\u2019objectiu principal d\u2019aquestes Jornades\u00a0 \u00e9s potenciar els valors esportius i de conviv\u00e8ncia entre totes les escoles de Prim\u00e0ria, que compartiran aules el proper any de forma conjunta.\u00a0<\/span><\/p>\n<p><span style=\"font-weight: 400;\">La nostra escola va participar en els esports de b\u00e0squet, voleibol, hoquei, futbol i handbol i l\u2019alumnat va gaudir molt\u00edssim de totes les activitats.\u00a0<\/span><\/p>\n<p><a href=\"https:\/\/photos.app.goo.gl\/xygeJhc5VTBUjo7r8\">\u00c0lbum de fotos.<\/a><\/p>\n","protected":false},"excerpt":{"rendered":"<p><a href=\"https:\/\/agora.xtec.cat\/ceipgranullarius\/wp-content\/uploads\/usu769\/2022\/04\/portada--scaled.jpg\"><\/a><br \/>\n\u00a0L\u2019alumnat de 6\u00e8 va participar de les JORNADES ESPORTIVES DE PRIM\u00c0RIA que es varen dur a terme el passat\u00a0 dia 1 d\u2019abril, organitzades per l\u2019AE Vallbona i el Consell Esportiu del Vall\u00e8s Oriental.<br \/>\n\u00a0L\u2019objectiu principal d\u2019aquestes Jornades\u00a0 \u00e9s potenciar els valors esportius i de conviv\u00e8ncia&hellip;  <a href=\"https:\/\/agora.xtec.cat\/ceipgranullarius\/portada\/jornades-esportives-de-primaria\/\" title=\"Read JORNADES ESPORTIVES DE PRIM\u00c0RIA\">Llegeix m\u00e9s\u00bb<\/a><\/p>\n","protected":false},"author":1,"featured_media":0,"comment_status":"closed","ping_status":"closed","sticky":false,"template":"","format":"standard","meta":{"_bbp_topic_count":0,"_bbp_reply_count":0,"_bbp_total_topic_count":0,"_bbp_total_reply_count":0,"_bbp_voice_count":0,"_bbp_anonymous_reply_count":0,"_bbp_topic_count_hidden":0,"_bbp_reply_count_hidden":0,"_bbp_forum_subforum_count":0,"footnotes":""},"categories":[4],"tags":[],"class_list":["post-2883","post","type-post","status-publish","format-standard","hentry","category-portada"],"post_mailing_queue_ids":[],"_links":{"self":[{"href":"https:\/\/agora.xtec.cat\/ceipgranullarius\/wp-json\/wp\/v2\/posts\/2883","targetHints":{"allow":["GET"]}}],"collection":[{"href":"https:\/\/agora.xtec.cat\/ceipgranullarius\/wp-json\/wp\/v2\/posts"}],"about":[{"href":"https:\/\/agora.xtec.cat\/ceipgranullarius\/wp-json\/wp\/v2\/types\/post"}],"author":[{"embeddable":true,"href":"https:\/\/agora.xtec.cat\/ceipgranullarius\/wp-json\/wp\/v2\/users\/1"}],"replies":[{"embeddable":true,"href":"https:\/\/agora.xtec.cat\/ceipgranullarius\/wp-json\/wp\/v2\/comments?post=2883"}],"version-history":[{"count":1,"href":"https:\/\/agora.xtec.cat\/ceipgranullarius\/wp-json\/wp\/v2\/posts\/2883\/revisions"}],"predecessor-version":[{"id":2885,"href":"https:\/\/agora.xtec.cat\/ceipgranullarius\/wp-json\/wp\/v2\/posts\/2883\/revisions\/2885"}],"wp:attachment":[{"href":"https:\/\/agora.xtec.cat\/ceipgranullarius\/wp-json\/wp\/v2\/media?parent=2883"}],"wp:term":[{"taxonomy":"category","embeddable":true,"href":"https:\/\/agora.xtec.cat\/ceipgranullarius\/wp-json\/wp\/v2\/categories?post=2883"},{"taxonomy":"post_tag","embeddable":true,"href":"https:\/\/agora.xtec.cat\/ceipgranullarius\/wp-json\/wp\/v2\/tags?post=2883"}],"curies":[{"name":"wp","href":"https:\/\/api.w.org\/{rel}","templated":true}]}}