{"id":2869,"date":"2022-04-07T10:29:11","date_gmt":"2022-04-07T08:29:11","guid":{"rendered":"https:\/\/agora.xtec.cat\/ceipgranullarius\/?p=2869"},"modified":"2022-04-07T10:29:11","modified_gmt":"2022-04-07T08:29:11","slug":"continuem-fent-racons-de-matematiques-a-3r-2","status":"publish","type":"post","link":"https:\/\/agora.xtec.cat\/ceipgranullarius\/portada\/continuem-fent-racons-de-matematiques-a-3r-2\/","title":{"rendered":"Continuem fent racons de matem\u00e0tiques a 3r!\u00a0"},"content":{"rendered":"<p style=\"text-align: center;\"><a href=\"https:\/\/agora.xtec.cat\/ceipgranullarius\/wp-content\/uploads\/usu769\/2022\/04\/PORTADA-scaled.jpg\"><img loading=\"lazy\" decoding=\"async\" class=\"aligncenter size-medium wp-image-2870\" src=\"https:\/\/agora.xtec.cat\/ceipgranullarius\/wp-content\/uploads\/usu769\/2022\/04\/PORTADA-300x286.jpg\" alt=\"\" width=\"300\" height=\"286\" srcset=\"https:\/\/agora.xtec.cat\/ceipgranullarius\/wp-content\/uploads\/usu769\/2022\/04\/PORTADA-300x286.jpg 300w, https:\/\/agora.xtec.cat\/ceipgranullarius\/wp-content\/uploads\/usu769\/2022\/04\/PORTADA-1024x976.jpg 1024w, https:\/\/agora.xtec.cat\/ceipgranullarius\/wp-content\/uploads\/usu769\/2022\/04\/PORTADA-768x732.jpg 768w, https:\/\/agora.xtec.cat\/ceipgranullarius\/wp-content\/uploads\/usu769\/2022\/04\/PORTADA-1536x1463.jpg 1536w, https:\/\/agora.xtec.cat\/ceipgranullarius\/wp-content\/uploads\/usu769\/2022\/04\/PORTADA-2048x1951.jpg 2048w\" sizes=\"auto, (max-width: 300px) 100vw, 300px\" \/><\/a><\/p>\n<p><span style=\"font-weight: 400;\">Un cop a la setmana en petits grups fem racons de matem\u00e0tiques per tal de treballar de manera manipulativa, en equip i m\u00e9s divertida els continguts que estem aprenent a les hores de matem\u00e0tiques. Ara mateix tenim dos espais: un per treballar el c\u00e0lcul mitjan\u00e7ant els reglets i un altre per con\u00e8ixer i identificar diferents figures geom\u00e8triques en 2D i 3D. Aprenem, jugant!\u00a0<\/span><\/p>\n<p><a href=\"https:\/\/photos.app.goo.gl\/8zekEt3WwRsePCCo6\">\u00c0lbum de fotos.<\/a><\/p>\n","protected":false},"excerpt":{"rendered":"<p><a href=\"https:\/\/agora.xtec.cat\/ceipgranullarius\/wp-content\/uploads\/usu769\/2022\/04\/PORTADA-scaled.jpg\"><\/a><br \/>\nUn cop a la setmana en petits grups fem racons de matem\u00e0tiques per tal de treballar de manera manipulativa, en equip i m\u00e9s divertida els continguts que estem aprenent a les hores de matem\u00e0tiques. Ara mateix tenim dos espais: un per treballar el c\u00e0lcul&hellip;  <a href=\"https:\/\/agora.xtec.cat\/ceipgranullarius\/portada\/continuem-fent-racons-de-matematiques-a-3r-2\/\" title=\"Read Continuem fent racons de matem\u00e0tiques a 3r!\u00a0\">Llegeix m\u00e9s\u00bb<\/a><\/p>\n","protected":false},"author":1,"featured_media":0,"comment_status":"closed","ping_status":"closed","sticky":false,"template":"","format":"standard","meta":{"_bbp_topic_count":0,"_bbp_reply_count":0,"_bbp_total_topic_count":0,"_bbp_total_reply_count":0,"_bbp_voice_count":0,"_bbp_anonymous_reply_count":0,"_bbp_topic_count_hidden":0,"_bbp_reply_count_hidden":0,"_bbp_forum_subforum_count":0,"footnotes":""},"categories":[12,4],"tags":[],"class_list":["post-2869","post","type-post","status-publish","format-standard","hentry","category-3r","category-portada"],"post_mailing_queue_ids":[],"_links":{"self":[{"href":"https:\/\/agora.xtec.cat\/ceipgranullarius\/wp-json\/wp\/v2\/posts\/2869","targetHints":{"allow":["GET"]}}],"collection":[{"href":"https:\/\/agora.xtec.cat\/ceipgranullarius\/wp-json\/wp\/v2\/posts"}],"about":[{"href":"https:\/\/agora.xtec.cat\/ceipgranullarius\/wp-json\/wp\/v2\/types\/post"}],"author":[{"embeddable":true,"href":"https:\/\/agora.xtec.cat\/ceipgranullarius\/wp-json\/wp\/v2\/users\/1"}],"replies":[{"embeddable":true,"href":"https:\/\/agora.xtec.cat\/ceipgranullarius\/wp-json\/wp\/v2\/comments?post=2869"}],"version-history":[{"count":1,"href":"https:\/\/agora.xtec.cat\/ceipgranullarius\/wp-json\/wp\/v2\/posts\/2869\/revisions"}],"predecessor-version":[{"id":2871,"href":"https:\/\/agora.xtec.cat\/ceipgranullarius\/wp-json\/wp\/v2\/posts\/2869\/revisions\/2871"}],"wp:attachment":[{"href":"https:\/\/agora.xtec.cat\/ceipgranullarius\/wp-json\/wp\/v2\/media?parent=2869"}],"wp:term":[{"taxonomy":"category","embeddable":true,"href":"https:\/\/agora.xtec.cat\/ceipgranullarius\/wp-json\/wp\/v2\/categories?post=2869"},{"taxonomy":"post_tag","embeddable":true,"href":"https:\/\/agora.xtec.cat\/ceipgranullarius\/wp-json\/wp\/v2\/tags?post=2869"}],"curies":[{"name":"wp","href":"https:\/\/api.w.org\/{rel}","templated":true}]}}