{"id":2861,"date":"2022-04-04T10:31:16","date_gmt":"2022-04-04T08:31:16","guid":{"rendered":"https:\/\/agora.xtec.cat\/ceipgranullarius\/?p=2861"},"modified":"2022-04-04T10:31:16","modified_gmt":"2022-04-04T08:31:16","slug":"year-3-participates-in-an-etwinning-a-3r-participem-a-un-etwinning","status":"publish","type":"post","link":"https:\/\/agora.xtec.cat\/ceipgranullarius\/portada\/year-3-participates-in-an-etwinning-a-3r-participem-a-un-etwinning\/","title":{"rendered":"Year 3 participates in an eTwinning! \/ A 3r participem a un eTwinning!"},"content":{"rendered":"<p style=\"text-align: center;\"><a href=\"https:\/\/agora.xtec.cat\/ceipgranullarius\/wp-content\/uploads\/usu769\/2022\/04\/PORTADA-Easter-Cards-scaled.jpg\"><img loading=\"lazy\" decoding=\"async\" class=\"aligncenter size-medium wp-image-2862\" src=\"https:\/\/agora.xtec.cat\/ceipgranullarius\/wp-content\/uploads\/usu769\/2022\/04\/PORTADA-Easter-Cards-300x174.jpg\" alt=\"\" width=\"300\" height=\"174\" srcset=\"https:\/\/agora.xtec.cat\/ceipgranullarius\/wp-content\/uploads\/usu769\/2022\/04\/PORTADA-Easter-Cards-300x174.jpg 300w, https:\/\/agora.xtec.cat\/ceipgranullarius\/wp-content\/uploads\/usu769\/2022\/04\/PORTADA-Easter-Cards-1024x594.jpg 1024w, https:\/\/agora.xtec.cat\/ceipgranullarius\/wp-content\/uploads\/usu769\/2022\/04\/PORTADA-Easter-Cards-768x446.jpg 768w, https:\/\/agora.xtec.cat\/ceipgranullarius\/wp-content\/uploads\/usu769\/2022\/04\/PORTADA-Easter-Cards-1536x892.jpg 1536w, https:\/\/agora.xtec.cat\/ceipgranullarius\/wp-content\/uploads\/usu769\/2022\/04\/PORTADA-Easter-Cards-2048x1189.jpg 2048w\" sizes=\"auto, (max-width: 300px) 100vw, 300px\" \/><\/a><\/p>\n<p><span style=\"font-weight: 400;\">Year 3 students are participating in an eTwinning project with Greece and Turkey countries. It is called \u201cLet\u2019s exchange Easter cards\u201d. First of all, pupils have prepared some videos showing their schools, the Easter traditions in each country and some personal information. Then, we have paired the students so that each of them will prepare and exchange an Easter card with a student from abroad. Here you can watch some videos from the students as well as some photos while they\u2019re preparing the Easter cards. They are looking forward to receiving their Easter cards from abroad!<\/span><\/p>\n<p><span style=\"font-weight: 400;\">Els nens i les nenes de 3r estem participant a un projecte eTwinning amb els pa\u00efsos de Gr\u00e8cia i Turquia. Es titula: Intercanviem postals de pasqua! Primerament, els alumnes han preparat alguns videos ensenyant les seves escoles, les seves tradicions de pasqua i una mica d\u2019informaci\u00f3 personal. Despr\u00e9s, hem aparellat els infants de manera que cadascun d\u2019ells preparar\u00e0 i intercanviar\u00e0 una postal de pasqua amb un alumne d\u2019un altre pa\u00eds. Aqu\u00ed podeu veure alguns dels v\u00eddeos dels nens i nenes i tamb\u00e9 algunes fotografies de mentre preparaven les seves postals de pasqua. Tenen moltes ganes de rebre les postals de pasqua dels altres pa\u00efsos!<\/span><\/p>\n<ul>\n<li style=\"font-weight: 400;\" aria-level=\"1\"><a href=\"https:\/\/youtu.be\/Q5mj3IaPPOI\"><span style=\"font-weight: 400;\">V\u00eddeo presentaci\u00f3.<\/span><\/a><\/li>\n<\/ul>\n<p><span style=\"font-weight: 400;\"><a href=\"https:\/\/youtu.be\/Z5z9lU8UyUM\">Catalan traditions (Voluntaris).<\/a><\/span><\/p>\n<p><a href=\"https:\/\/photos.app.goo.gl\/MpCfNZKSQiBw37Jd9\">\u00c0lbum de fotos.<\/a><\/p>\n","protected":false},"excerpt":{"rendered":"<p><a href=\"https:\/\/agora.xtec.cat\/ceipgranullarius\/wp-content\/uploads\/usu769\/2022\/04\/PORTADA-Easter-Cards-scaled.jpg\"><\/a><br \/>\nYear 3 students are participating in an eTwinning project with Greece and Turkey countries. It is called \u201cLet\u2019s exchange Easter cards\u201d. First of all, pupils have prepared some videos showing their schools, the Easter traditions in each country and some personal information. Then, we&hellip;  <a href=\"https:\/\/agora.xtec.cat\/ceipgranullarius\/portada\/year-3-participates-in-an-etwinning-a-3r-participem-a-un-etwinning\/\" title=\"Read Year 3 participates in an eTwinning! \/ A 3r participem a un eTwinning!\">Llegeix m\u00e9s\u00bb<\/a><\/p>\n","protected":false},"author":1,"featured_media":2863,"comment_status":"closed","ping_status":"closed","sticky":false,"template":"","format":"standard","meta":{"_bbp_topic_count":0,"_bbp_reply_count":0,"_bbp_total_topic_count":0,"_bbp_total_reply_count":0,"_bbp_voice_count":0,"_bbp_anonymous_reply_count":0,"_bbp_topic_count_hidden":0,"_bbp_reply_count_hidden":0,"_bbp_forum_subforum_count":0,"footnotes":""},"categories":[12,46,4],"tags":[],"class_list":["post-2861","post","type-post","status-publish","format-standard","has-post-thumbnail","hentry","category-3r","category-som-escola-gep","category-portada"],"post_mailing_queue_ids":[],"_links":{"self":[{"href":"https:\/\/agora.xtec.cat\/ceipgranullarius\/wp-json\/wp\/v2\/posts\/2861","targetHints":{"allow":["GET"]}}],"collection":[{"href":"https:\/\/agora.xtec.cat\/ceipgranullarius\/wp-json\/wp\/v2\/posts"}],"about":[{"href":"https:\/\/agora.xtec.cat\/ceipgranullarius\/wp-json\/wp\/v2\/types\/post"}],"author":[{"embeddable":true,"href":"https:\/\/agora.xtec.cat\/ceipgranullarius\/wp-json\/wp\/v2\/users\/1"}],"replies":[{"embeddable":true,"href":"https:\/\/agora.xtec.cat\/ceipgranullarius\/wp-json\/wp\/v2\/comments?post=2861"}],"version-history":[{"count":1,"href":"https:\/\/agora.xtec.cat\/ceipgranullarius\/wp-json\/wp\/v2\/posts\/2861\/revisions"}],"predecessor-version":[{"id":2864,"href":"https:\/\/agora.xtec.cat\/ceipgranullarius\/wp-json\/wp\/v2\/posts\/2861\/revisions\/2864"}],"wp:featuredmedia":[{"embeddable":true,"href":"https:\/\/agora.xtec.cat\/ceipgranullarius\/wp-json\/wp\/v2\/media\/2863"}],"wp:attachment":[{"href":"https:\/\/agora.xtec.cat\/ceipgranullarius\/wp-json\/wp\/v2\/media?parent=2861"}],"wp:term":[{"taxonomy":"category","embeddable":true,"href":"https:\/\/agora.xtec.cat\/ceipgranullarius\/wp-json\/wp\/v2\/categories?post=2861"},{"taxonomy":"post_tag","embeddable":true,"href":"https:\/\/agora.xtec.cat\/ceipgranullarius\/wp-json\/wp\/v2\/tags?post=2861"}],"curies":[{"name":"wp","href":"https:\/\/api.w.org\/{rel}","templated":true}]}}