{"id":2851,"date":"2022-03-29T11:45:39","date_gmt":"2022-03-29T09:45:39","guid":{"rendered":"https:\/\/agora.xtec.cat\/ceipgranullarius\/?p=2851"},"modified":"2022-03-29T11:45:39","modified_gmt":"2022-03-29T09:45:39","slug":"xii-concurs-de-dibuix-doncovalles","status":"publish","type":"post","link":"https:\/\/agora.xtec.cat\/ceipgranullarius\/portada\/xii-concurs-de-dibuix-doncovalles\/","title":{"rendered":"XII Concurs de dibuix d&#8217;Oncovall\u00e8s"},"content":{"rendered":"<p style=\"text-align: center;\"><a href=\"https:\/\/agora.xtec.cat\/ceipgranullarius\/wp-content\/uploads\/usu769\/2022\/03\/2.-Portada-3.jpg\"><img loading=\"lazy\" decoding=\"async\" class=\"aligncenter size-medium wp-image-2852\" src=\"https:\/\/agora.xtec.cat\/ceipgranullarius\/wp-content\/uploads\/usu769\/2022\/03\/2.-Portada-3-300x225.jpg\" alt=\"\" width=\"300\" height=\"225\" srcset=\"https:\/\/agora.xtec.cat\/ceipgranullarius\/wp-content\/uploads\/usu769\/2022\/03\/2.-Portada-3-300x225.jpg 300w, https:\/\/agora.xtec.cat\/ceipgranullarius\/wp-content\/uploads\/usu769\/2022\/03\/2.-Portada-3-1024x768.jpg 1024w, https:\/\/agora.xtec.cat\/ceipgranullarius\/wp-content\/uploads\/usu769\/2022\/03\/2.-Portada-3-768x576.jpg 768w, https:\/\/agora.xtec.cat\/ceipgranullarius\/wp-content\/uploads\/usu769\/2022\/03\/2.-Portada-3-200x150.jpg 200w, https:\/\/agora.xtec.cat\/ceipgranullarius\/wp-content\/uploads\/usu769\/2022\/03\/2.-Portada-3.jpg 1440w\" sizes=\"auto, (max-width: 300px) 100vw, 300px\" \/><\/a><\/p>\n<p><a href=\"https:\/\/www.oncovalles.cat\/noticies\/2021\/03\/05\/lliurament-de-premis-del-xii-concurs-de-dibuix-d-oncovalles\"><span style=\"font-weight: 400;\">XII Concurs de dibuix d&#8217;Oncovall\u00e8s<\/span><\/a><\/p>\n<p><a href=\"https:\/\/www.oncovalles.cat\/\"><span style=\"font-weight: 400;\">https:\/\/www.oncovalles.cat\/<\/span><\/a><\/p>\n<p><span style=\"font-weight: 400;\">El dilluns 4 de mar\u00e7 a les 17:00h es va celebrar el Lliurament de Premis del XII Concurs de Dibuix d&#8217;Oncovall\u00e8s.\u00a0<\/span><\/p>\n<p><span style=\"font-weight: 400;\">Moltes felicitats als\/les guanyadors\/es de la nostra escola!: M\u00e0ximo Ferreira (1rB), Carla Ca\u00f1as (2nA), Claudia Gonzalez (2nB), Julia Rodriguez (3rA), Valentina Torroella (3rB), Laia Mart\u00edn(4tA), Mart\u00ed Galan (4tB), Luc\u00eda Mart\u00ednez (5\u00e8A), Hugo Fernandez (5\u00e8A), Daniel Lara (6\u00e8A) i Bel Galbany (6\u00e8C).<\/span><\/p>\n<p><span style=\"font-weight: 400;\">Felicitats a tots i totes que heu participat perqu\u00e8 aquests dibuixos han arribat als pacients i els hi han donat \u00e0nims i for\u00e7a!<\/span><\/p>\n<p><a href=\"https:\/\/photos.app.goo.gl\/o2ByemyurRzy15Ff9\">\u00c0lbum de fotos.<\/a><\/p>\n<p>&nbsp;<\/p>\n","protected":false},"excerpt":{"rendered":"<p><a href=\"https:\/\/agora.xtec.cat\/ceipgranullarius\/wp-content\/uploads\/usu769\/2022\/03\/2.-Portada-3.jpg\"><\/a><br \/>\n<a href=\"https:\/\/www.oncovalles.cat\/noticies\/2021\/03\/05\/lliurament-de-premis-del-xii-concurs-de-dibuix-d-oncovalles\">XII Concurs de dibuix d&#8217;Oncovall\u00e8s<\/a><br \/>\n<a href=\"https:\/\/www.oncovalles.cat\/\">https:\/\/www.oncovalles.cat\/<\/a><br \/>\nEl dilluns 4 de mar\u00e7 a les 17:00h es va celebrar el Lliurament de Premis del XII Concurs de Dibuix d&#8217;Oncovall\u00e8s.\u00a0<br \/>\nMoltes felicitats als\/les guanyadors\/es de la nostra escola!: M\u00e0ximo Ferreira (1rB), Carla Ca\u00f1as (2nA), Claudia Gonzalez (2nB), Julia&hellip;  <a href=\"https:\/\/agora.xtec.cat\/ceipgranullarius\/portada\/xii-concurs-de-dibuix-doncovalles\/\" title=\"Read XII Concurs de dibuix d&#8217;Oncovall\u00e8s\">Llegeix m\u00e9s\u00bb<\/a><\/p>\n","protected":false},"author":1,"featured_media":0,"comment_status":"closed","ping_status":"closed","sticky":false,"template":"","format":"standard","meta":{"_bbp_topic_count":0,"_bbp_reply_count":0,"_bbp_total_topic_count":0,"_bbp_total_reply_count":0,"_bbp_voice_count":0,"_bbp_anonymous_reply_count":0,"_bbp_topic_count_hidden":0,"_bbp_reply_count_hidden":0,"_bbp_forum_subforum_count":0,"footnotes":""},"categories":[10,11,12,13,14,15,4],"tags":[],"class_list":["post-2851","post","type-post","status-publish","format-standard","hentry","category-1r","category-2n","category-3r","category-4t","category-5e","category-6e","category-portada"],"post_mailing_queue_ids":[],"_links":{"self":[{"href":"https:\/\/agora.xtec.cat\/ceipgranullarius\/wp-json\/wp\/v2\/posts\/2851","targetHints":{"allow":["GET"]}}],"collection":[{"href":"https:\/\/agora.xtec.cat\/ceipgranullarius\/wp-json\/wp\/v2\/posts"}],"about":[{"href":"https:\/\/agora.xtec.cat\/ceipgranullarius\/wp-json\/wp\/v2\/types\/post"}],"author":[{"embeddable":true,"href":"https:\/\/agora.xtec.cat\/ceipgranullarius\/wp-json\/wp\/v2\/users\/1"}],"replies":[{"embeddable":true,"href":"https:\/\/agora.xtec.cat\/ceipgranullarius\/wp-json\/wp\/v2\/comments?post=2851"}],"version-history":[{"count":1,"href":"https:\/\/agora.xtec.cat\/ceipgranullarius\/wp-json\/wp\/v2\/posts\/2851\/revisions"}],"predecessor-version":[{"id":2853,"href":"https:\/\/agora.xtec.cat\/ceipgranullarius\/wp-json\/wp\/v2\/posts\/2851\/revisions\/2853"}],"wp:attachment":[{"href":"https:\/\/agora.xtec.cat\/ceipgranullarius\/wp-json\/wp\/v2\/media?parent=2851"}],"wp:term":[{"taxonomy":"category","embeddable":true,"href":"https:\/\/agora.xtec.cat\/ceipgranullarius\/wp-json\/wp\/v2\/categories?post=2851"},{"taxonomy":"post_tag","embeddable":true,"href":"https:\/\/agora.xtec.cat\/ceipgranullarius\/wp-json\/wp\/v2\/tags?post=2851"}],"curies":[{"name":"wp","href":"https:\/\/api.w.org\/{rel}","templated":true}]}}