{"id":2848,"date":"2022-03-29T11:39:48","date_gmt":"2022-03-29T09:39:48","guid":{"rendered":"https:\/\/agora.xtec.cat\/ceipgranullarius\/?p=2848"},"modified":"2022-04-02T22:22:38","modified_gmt":"2022-04-02T20:22:38","slug":"sortida-entorn-rural-palaudaries-p3","status":"publish","type":"post","link":"https:\/\/agora.xtec.cat\/ceipgranullarius\/educacio-infantil\/sortida-entorn-rural-palaudaries-p3\/","title":{"rendered":"SORTIDA ENTORN RURAL PALAUD\u00c0RIES P3"},"content":{"rendered":"<p><span style=\"font-weight: 400;\">El dimarts 22 de mar\u00e7, els nens i les nenes de P3 van fer la seva primera sortida a l\u2019entorn rural Palaud\u00e0ries. Han viscut\u00a0 un dia a pag\u00e8s, en un entorn\u00a0 ampli, variat i agradable d\u2019una explotaci\u00f3 a<\/span><span style=\"font-weight: 400;\">gr\u00edcola i ramadera. Despr\u00e9s han fet\u00a0 un recorregut per la granja, observant els diferents animals: vaques,\u00a0 porcs, gallines, cabres, conills\u2026<\/span><\/p>\n<p><span style=\"font-weight: 400;\">Ha estat una sortida genial!!<\/span><\/p>\n","protected":false},"excerpt":{"rendered":"<p>El dimarts 22 de mar\u00e7, els nens i les nenes de P3 van fer la seva primera sortida a l\u2019entorn rural Palaud\u00e0ries. Han viscut\u00a0 un dia a pag\u00e8s, en un entorn\u00a0 ampli, variat i agradable d\u2019una explotaci\u00f3 agr\u00edcola i ramadera. Despr\u00e9s han fet\u00a0 un recorregut&hellip;  <a href=\"https:\/\/agora.xtec.cat\/ceipgranullarius\/educacio-infantil\/sortida-entorn-rural-palaudaries-p3\/\" title=\"Read SORTIDA ENTORN RURAL PALAUD\u00c0RIES P3\">Llegeix m\u00e9s\u00bb<\/a><\/p>\n","protected":false},"author":1,"featured_media":0,"comment_status":"closed","ping_status":"closed","sticky":false,"template":"","format":"standard","meta":{"_bbp_topic_count":0,"_bbp_reply_count":0,"_bbp_total_topic_count":0,"_bbp_total_reply_count":0,"_bbp_voice_count":0,"_bbp_anonymous_reply_count":0,"_bbp_topic_count_hidden":0,"_bbp_reply_count_hidden":0,"_bbp_forum_subforum_count":0,"footnotes":""},"categories":[2,3,4],"tags":[],"class_list":["post-2848","post","type-post","status-publish","format-standard","hentry","category-educacio-infantil","category-i3","category-portada"],"post_mailing_queue_ids":[],"_links":{"self":[{"href":"https:\/\/agora.xtec.cat\/ceipgranullarius\/wp-json\/wp\/v2\/posts\/2848","targetHints":{"allow":["GET"]}}],"collection":[{"href":"https:\/\/agora.xtec.cat\/ceipgranullarius\/wp-json\/wp\/v2\/posts"}],"about":[{"href":"https:\/\/agora.xtec.cat\/ceipgranullarius\/wp-json\/wp\/v2\/types\/post"}],"author":[{"embeddable":true,"href":"https:\/\/agora.xtec.cat\/ceipgranullarius\/wp-json\/wp\/v2\/users\/1"}],"replies":[{"embeddable":true,"href":"https:\/\/agora.xtec.cat\/ceipgranullarius\/wp-json\/wp\/v2\/comments?post=2848"}],"version-history":[{"count":2,"href":"https:\/\/agora.xtec.cat\/ceipgranullarius\/wp-json\/wp\/v2\/posts\/2848\/revisions"}],"predecessor-version":[{"id":2857,"href":"https:\/\/agora.xtec.cat\/ceipgranullarius\/wp-json\/wp\/v2\/posts\/2848\/revisions\/2857"}],"wp:attachment":[{"href":"https:\/\/agora.xtec.cat\/ceipgranullarius\/wp-json\/wp\/v2\/media?parent=2848"}],"wp:term":[{"taxonomy":"category","embeddable":true,"href":"https:\/\/agora.xtec.cat\/ceipgranullarius\/wp-json\/wp\/v2\/categories?post=2848"},{"taxonomy":"post_tag","embeddable":true,"href":"https:\/\/agora.xtec.cat\/ceipgranullarius\/wp-json\/wp\/v2\/tags?post=2848"}],"curies":[{"name":"wp","href":"https:\/\/api.w.org\/{rel}","templated":true}]}}