{"id":2835,"date":"2022-03-29T11:30:12","date_gmt":"2022-03-29T09:30:12","guid":{"rendered":"https:\/\/agora.xtec.cat\/ceipgranullarius\/?p=2835"},"modified":"2022-03-29T11:30:12","modified_gmt":"2022-03-29T09:30:12","slug":"museu-de-terrassa-p5","status":"publish","type":"post","link":"https:\/\/agora.xtec.cat\/ceipgranullarius\/educacio-infantil\/museu-de-terrassa-p5\/","title":{"rendered":"MUSEU DE TERRASSA P5"},"content":{"rendered":"<p style=\"text-align: center;\"><a href=\"https:\/\/agora.xtec.cat\/ceipgranullarius\/wp-content\/uploads\/usu769\/2022\/03\/2.-portada-1.jpg\"><img loading=\"lazy\" decoding=\"async\" class=\"aligncenter size-medium wp-image-2836\" src=\"https:\/\/agora.xtec.cat\/ceipgranullarius\/wp-content\/uploads\/usu769\/2022\/03\/2.-portada-1-300x216.jpg\" alt=\"\" width=\"300\" height=\"216\" srcset=\"https:\/\/agora.xtec.cat\/ceipgranullarius\/wp-content\/uploads\/usu769\/2022\/03\/2.-portada-1-300x216.jpg 300w, https:\/\/agora.xtec.cat\/ceipgranullarius\/wp-content\/uploads\/usu769\/2022\/03\/2.-portada-1.jpg 550w\" sizes=\"auto, (max-width: 300px) 100vw, 300px\" \/><\/a><\/p>\n<p><span style=\"font-weight: 400;\">El dia 8 de Mar\u00e7 els nens i nens de les classes de P5 van poder gaudir d\u2019un dia al Museu Nacional de la Ci\u00e8ncia i la T\u00e8cnica de Catalunya. Van fer activitats relacionades amb el nou projecte del cos hum\u00e0, van poder experimentar, observar i aprendre amb politges, llum i sorra, i per acabar, van poder fer una visita a un petit planetari.\u00a0<\/span><\/p>\n<p><span style=\"font-weight: 400;\">Aqu\u00ed podeu veure com s\u2019ho van passar de b\u00e9.<\/span><\/p>\n<p><a href=\"https:\/\/photos.app.goo.gl\/qQb2N5GNWj6rCDCH6\">\u00c0lbum de fotos.<\/a><\/p>\n","protected":false},"excerpt":{"rendered":"<p><a href=\"https:\/\/agora.xtec.cat\/ceipgranullarius\/wp-content\/uploads\/usu769\/2022\/03\/2.-portada-1.jpg\"><\/a><br \/>\nEl dia 8 de Mar\u00e7 els nens i nens de les classes de P5 van poder gaudir d\u2019un dia al Museu Nacional de la Ci\u00e8ncia i la T\u00e8cnica de Catalunya. Van fer activitats relacionades amb el nou projecte del cos hum\u00e0, van poder experimentar,&hellip;  <a href=\"https:\/\/agora.xtec.cat\/ceipgranullarius\/educacio-infantil\/museu-de-terrassa-p5\/\" title=\"Read MUSEU DE TERRASSA P5\">Llegeix m\u00e9s\u00bb<\/a><\/p>\n","protected":false},"author":1,"featured_media":0,"comment_status":"closed","ping_status":"closed","sticky":false,"template":"","format":"standard","meta":{"_bbp_topic_count":0,"_bbp_reply_count":0,"_bbp_total_topic_count":0,"_bbp_total_reply_count":0,"_bbp_voice_count":0,"_bbp_anonymous_reply_count":0,"_bbp_topic_count_hidden":0,"_bbp_reply_count_hidden":0,"_bbp_forum_subforum_count":0,"footnotes":""},"categories":[2,9,4],"tags":[],"class_list":["post-2835","post","type-post","status-publish","format-standard","hentry","category-educacio-infantil","category-i5","category-portada"],"post_mailing_queue_ids":[],"_links":{"self":[{"href":"https:\/\/agora.xtec.cat\/ceipgranullarius\/wp-json\/wp\/v2\/posts\/2835","targetHints":{"allow":["GET"]}}],"collection":[{"href":"https:\/\/agora.xtec.cat\/ceipgranullarius\/wp-json\/wp\/v2\/posts"}],"about":[{"href":"https:\/\/agora.xtec.cat\/ceipgranullarius\/wp-json\/wp\/v2\/types\/post"}],"author":[{"embeddable":true,"href":"https:\/\/agora.xtec.cat\/ceipgranullarius\/wp-json\/wp\/v2\/users\/1"}],"replies":[{"embeddable":true,"href":"https:\/\/agora.xtec.cat\/ceipgranullarius\/wp-json\/wp\/v2\/comments?post=2835"}],"version-history":[{"count":1,"href":"https:\/\/agora.xtec.cat\/ceipgranullarius\/wp-json\/wp\/v2\/posts\/2835\/revisions"}],"predecessor-version":[{"id":2837,"href":"https:\/\/agora.xtec.cat\/ceipgranullarius\/wp-json\/wp\/v2\/posts\/2835\/revisions\/2837"}],"wp:attachment":[{"href":"https:\/\/agora.xtec.cat\/ceipgranullarius\/wp-json\/wp\/v2\/media?parent=2835"}],"wp:term":[{"taxonomy":"category","embeddable":true,"href":"https:\/\/agora.xtec.cat\/ceipgranullarius\/wp-json\/wp\/v2\/categories?post=2835"},{"taxonomy":"post_tag","embeddable":true,"href":"https:\/\/agora.xtec.cat\/ceipgranullarius\/wp-json\/wp\/v2\/tags?post=2835"}],"curies":[{"name":"wp","href":"https:\/\/api.w.org\/{rel}","templated":true}]}}