{"id":2691,"date":"2022-01-31T13:16:03","date_gmt":"2022-01-31T12:16:03","guid":{"rendered":"https:\/\/agora.xtec.cat\/ceipgranullarius\/?p=2691"},"modified":"2022-02-10T10:08:24","modified_gmt":"2022-02-10T09:08:24","slug":"dia-de-la-pau-i-la-no-violencia-5e","status":"publish","type":"post","link":"https:\/\/agora.xtec.cat\/ceipgranullarius\/portada\/dia-de-la-pau-i-la-no-violencia-5e\/","title":{"rendered":"DIA DE LA PAU I LA NO VIOL\u00c8NCIA 5\u00e8"},"content":{"rendered":"<p style=\"text-align: center;\"><a href=\"https:\/\/agora.xtec.cat\/ceipgranullarius\/wp-content\/uploads\/usu769\/2022\/01\/PORTADA-600-x-450.jpg\"><img loading=\"lazy\" decoding=\"async\" class=\"aligncenter size-medium wp-image-2692\" src=\"https:\/\/agora.xtec.cat\/ceipgranullarius\/wp-content\/uploads\/usu769\/2022\/01\/PORTADA-600-x-450-300x225.jpg\" alt=\"\" width=\"300\" height=\"225\" srcset=\"https:\/\/agora.xtec.cat\/ceipgranullarius\/wp-content\/uploads\/usu769\/2022\/01\/PORTADA-600-x-450-300x225.jpg 300w, https:\/\/agora.xtec.cat\/ceipgranullarius\/wp-content\/uploads\/usu769\/2022\/01\/PORTADA-600-x-450-200x150.jpg 200w, https:\/\/agora.xtec.cat\/ceipgranullarius\/wp-content\/uploads\/usu769\/2022\/01\/PORTADA-600-x-450.jpg 600w\" sizes=\"auto, (max-width: 300px) 100vw, 300px\" \/><\/a><\/p>\n<p><span style=\"font-weight: 400;\">El dia 30 de gener es celebra el Dia de la Pau i la No Viol\u00e8ncia. A cinqu\u00e8 hem estat treballant el significat de la Pau de diverses maneres. Hem parlat sobre qu\u00e8 significa per cadasc\u00fa i hem fet unes banderoles ben xules per decorar el passad\u00eds. Tamb\u00e9 hem fet una cadena de bones accions dutes a terme durant la setmana i finalment hem llegit a la r\u00e0dio el poema \u201cSi el m\u00f3n fos\u2026\u201d de Joana Raspall i l\u2019hem treballat a l\u2019aula.<\/span><\/p>\n<p><a href=\"https:\/\/photos.app.goo.gl\/TDnmetyqwPNZTdCB8\">\u00c0lbum de fotos i v\u00eddeo.<\/a><\/p>\n","protected":false},"excerpt":{"rendered":"<p><a href=\"https:\/\/agora.xtec.cat\/ceipgranullarius\/wp-content\/uploads\/usu769\/2022\/01\/PORTADA-600-x-450.jpg\"><\/a><br \/>\nEl dia 30 de gener es celebra el Dia de la Pau i la No Viol\u00e8ncia. A cinqu\u00e8 hem estat treballant el significat de la Pau de diverses maneres. Hem parlat sobre qu\u00e8 significa per cadasc\u00fa i hem fet unes banderoles ben xules per&hellip;  <a href=\"https:\/\/agora.xtec.cat\/ceipgranullarius\/portada\/dia-de-la-pau-i-la-no-violencia-5e\/\" title=\"Read DIA DE LA PAU I LA NO VIOL\u00c8NCIA 5\u00e8\">Llegeix m\u00e9s\u00bb<\/a><\/p>\n","protected":false},"author":1,"featured_media":1151,"comment_status":"closed","ping_status":"closed","sticky":false,"template":"","format":"standard","meta":{"_bbp_topic_count":0,"_bbp_reply_count":0,"_bbp_total_topic_count":0,"_bbp_total_reply_count":0,"_bbp_voice_count":0,"_bbp_anonymous_reply_count":0,"_bbp_topic_count_hidden":0,"_bbp_reply_count_hidden":0,"_bbp_forum_subforum_count":0,"footnotes":""},"categories":[14,4],"tags":[],"class_list":["post-2691","post","type-post","status-publish","format-standard","has-post-thumbnail","hentry","category-5e","category-portada"],"post_mailing_queue_ids":[],"_links":{"self":[{"href":"https:\/\/agora.xtec.cat\/ceipgranullarius\/wp-json\/wp\/v2\/posts\/2691","targetHints":{"allow":["GET"]}}],"collection":[{"href":"https:\/\/agora.xtec.cat\/ceipgranullarius\/wp-json\/wp\/v2\/posts"}],"about":[{"href":"https:\/\/agora.xtec.cat\/ceipgranullarius\/wp-json\/wp\/v2\/types\/post"}],"author":[{"embeddable":true,"href":"https:\/\/agora.xtec.cat\/ceipgranullarius\/wp-json\/wp\/v2\/users\/1"}],"replies":[{"embeddable":true,"href":"https:\/\/agora.xtec.cat\/ceipgranullarius\/wp-json\/wp\/v2\/comments?post=2691"}],"version-history":[{"count":2,"href":"https:\/\/agora.xtec.cat\/ceipgranullarius\/wp-json\/wp\/v2\/posts\/2691\/revisions"}],"predecessor-version":[{"id":2717,"href":"https:\/\/agora.xtec.cat\/ceipgranullarius\/wp-json\/wp\/v2\/posts\/2691\/revisions\/2717"}],"wp:featuredmedia":[{"embeddable":true,"href":"https:\/\/agora.xtec.cat\/ceipgranullarius\/wp-json\/wp\/v2\/media\/1151"}],"wp:attachment":[{"href":"https:\/\/agora.xtec.cat\/ceipgranullarius\/wp-json\/wp\/v2\/media?parent=2691"}],"wp:term":[{"taxonomy":"category","embeddable":true,"href":"https:\/\/agora.xtec.cat\/ceipgranullarius\/wp-json\/wp\/v2\/categories?post=2691"},{"taxonomy":"post_tag","embeddable":true,"href":"https:\/\/agora.xtec.cat\/ceipgranullarius\/wp-json\/wp\/v2\/tags?post=2691"}],"curies":[{"name":"wp","href":"https:\/\/api.w.org\/{rel}","templated":true}]}}