{"id":2660,"date":"2021-12-20T15:42:38","date_gmt":"2021-12-20T14:42:38","guid":{"rendered":"https:\/\/agora.xtec.cat\/ceipgranullarius\/?p=2660"},"modified":"2021-12-23T12:46:04","modified_gmt":"2021-12-23T11:46:04","slug":"nadales-ampa-escola-graullarius","status":"publish","type":"post","link":"https:\/\/agora.xtec.cat\/ceipgranullarius\/general\/nadales-ampa-escola-graullarius\/","title":{"rendered":"NADALES AMPA ESCOLA GRAULLARIUS"},"content":{"rendered":"<p style=\"text-align: center;\"><a href=\"https:\/\/agora.xtec.cat\/ceipgranullarius\/wp-content\/uploads\/usu769\/2021\/12\/IMG_2695-scaled.jpg\"><img loading=\"lazy\" decoding=\"async\" class=\"aligncenter size-large wp-image-2661\" src=\"https:\/\/agora.xtec.cat\/ceipgranullarius\/wp-content\/uploads\/usu769\/2021\/12\/IMG_2695-1024x768.jpg\" alt=\"\" width=\"1024\" height=\"768\" srcset=\"https:\/\/agora.xtec.cat\/ceipgranullarius\/wp-content\/uploads\/usu769\/2021\/12\/IMG_2695-1024x768.jpg 1024w, https:\/\/agora.xtec.cat\/ceipgranullarius\/wp-content\/uploads\/usu769\/2021\/12\/IMG_2695-300x225.jpg 300w, https:\/\/agora.xtec.cat\/ceipgranullarius\/wp-content\/uploads\/usu769\/2021\/12\/IMG_2695-768x576.jpg 768w, https:\/\/agora.xtec.cat\/ceipgranullarius\/wp-content\/uploads\/usu769\/2021\/12\/IMG_2695-1536x1152.jpg 1536w, https:\/\/agora.xtec.cat\/ceipgranullarius\/wp-content\/uploads\/usu769\/2021\/12\/IMG_2695-2048x1536.jpg 2048w, https:\/\/agora.xtec.cat\/ceipgranullarius\/wp-content\/uploads\/usu769\/2021\/12\/IMG_2695-200x150.jpg 200w\" sizes=\"auto, (max-width: 1024px) 100vw, 1024px\" \/><\/a><\/p>\n<p><span style=\"font-weight: 400;\">L\u2019AMPA de l\u2019Escola Granullarius ha participat en la 19a cantada de nadales de les AMPA\/AFA de les escoles de Granollers que ha omplert de m\u00fasica la ciutat.\u00a0<\/span><\/p>\n<p><span style=\"font-weight: 400;\">Moltes gr\u00e0cies fam\u00edlies per la vostra participaci\u00f3!!<\/span><\/p>\n<p><span style=\"font-weight: 400;\">Tamb\u00e9 podeu accedir a aquests enlla\u00e7os:<\/span><\/p>\n<p><a href=\"https:\/\/twitter.com\/granollers\/status\/1472289057166221317?t=DJbbIq8Xws-gLPRlq2E7JQ&amp;s=09\"><span style=\"font-weight: 400;\">https:\/\/twitter.com\/granollers\/status\/1472289057166221317?t=DJbbIq8Xws-gLPRlq2E7JQ&amp;s=09<\/span><\/a><\/p>\n<p><a href=\"https:\/\/photos.app.goo.gl\/7jZvYmjbPXX21QWq9\"><span style=\"font-weight: 400;\">https:\/\/photos.app.goo.gl\/7jZvYmjbPXX21QWq9<\/span><\/a><\/p>\n<p><a href=\"https:\/\/photos.app.goo.gl\/rtvbPYhmqdnHoSmdA\">\u00c0lbum de fotos i v\u00eddeos.<\/a><\/p>\n","protected":false},"excerpt":{"rendered":"<p><a href=\"https:\/\/agora.xtec.cat\/ceipgranullarius\/wp-content\/uploads\/usu769\/2021\/12\/IMG_2695-scaled.jpg\"><\/a><br \/>\nL\u2019AMPA de l\u2019Escola Granullarius ha participat en la 19a cantada de nadales de les AMPA\/AFA de les escoles de Granollers que ha omplert de m\u00fasica la ciutat.\u00a0<br \/>\nMoltes gr\u00e0cies fam\u00edlies per la vostra participaci\u00f3!!<br \/>\nTamb\u00e9 podeu accedir a aquests enlla\u00e7os:<br \/>\n<a href=\"https:\/\/twitter.com\/granollers\/status\/1472289057166221317?t=DJbbIq8Xws-gLPRlq2E7JQ&amp;s=09\">https:\/\/twitter.com\/granollers\/status\/1472289057166221317?t=DJbbIq8Xws-gLPRlq2E7JQ&amp;s=09<\/a><br \/>\n<a href=\"https:\/\/photos.app.goo.gl\/7jZvYmjbPXX21QWq9\">https:\/\/photos.app.goo.gl\/7jZvYmjbPXX21QWq9<\/a><br \/>\n<a href=\"https:\/\/photos.app.goo.gl\/rtvbPYhmqdnHoSmdA\">\u00c0lbum de fotos i&hellip;  <a href=\"https:\/\/agora.xtec.cat\/ceipgranullarius\/general\/nadales-ampa-escola-graullarius\/\" title=\"Read NADALES AMPA ESCOLA GRAULLARIUS\">Llegeix m\u00e9s\u00bb<\/a><\/p>\n","protected":false},"author":1,"featured_media":0,"comment_status":"closed","ping_status":"closed","sticky":false,"template":"","format":"standard","meta":{"_bbp_topic_count":0,"_bbp_reply_count":0,"_bbp_total_topic_count":0,"_bbp_total_reply_count":0,"_bbp_voice_count":0,"_bbp_anonymous_reply_count":0,"_bbp_topic_count_hidden":0,"_bbp_reply_count_hidden":0,"_bbp_forum_subforum_count":0,"footnotes":""},"categories":[7,1,4],"tags":[],"class_list":["post-2660","post","type-post","status-publish","format-standard","hentry","category-ampa","category-general","category-portada"],"post_mailing_queue_ids":[],"_links":{"self":[{"href":"https:\/\/agora.xtec.cat\/ceipgranullarius\/wp-json\/wp\/v2\/posts\/2660","targetHints":{"allow":["GET"]}}],"collection":[{"href":"https:\/\/agora.xtec.cat\/ceipgranullarius\/wp-json\/wp\/v2\/posts"}],"about":[{"href":"https:\/\/agora.xtec.cat\/ceipgranullarius\/wp-json\/wp\/v2\/types\/post"}],"author":[{"embeddable":true,"href":"https:\/\/agora.xtec.cat\/ceipgranullarius\/wp-json\/wp\/v2\/users\/1"}],"replies":[{"embeddable":true,"href":"https:\/\/agora.xtec.cat\/ceipgranullarius\/wp-json\/wp\/v2\/comments?post=2660"}],"version-history":[{"count":1,"href":"https:\/\/agora.xtec.cat\/ceipgranullarius\/wp-json\/wp\/v2\/posts\/2660\/revisions"}],"predecessor-version":[{"id":2662,"href":"https:\/\/agora.xtec.cat\/ceipgranullarius\/wp-json\/wp\/v2\/posts\/2660\/revisions\/2662"}],"wp:attachment":[{"href":"https:\/\/agora.xtec.cat\/ceipgranullarius\/wp-json\/wp\/v2\/media?parent=2660"}],"wp:term":[{"taxonomy":"category","embeddable":true,"href":"https:\/\/agora.xtec.cat\/ceipgranullarius\/wp-json\/wp\/v2\/categories?post=2660"},{"taxonomy":"post_tag","embeddable":true,"href":"https:\/\/agora.xtec.cat\/ceipgranullarius\/wp-json\/wp\/v2\/tags?post=2660"}],"curies":[{"name":"wp","href":"https:\/\/api.w.org\/{rel}","templated":true}]}}