{"id":2639,"date":"2021-12-16T10:43:13","date_gmt":"2021-12-16T09:43:13","guid":{"rendered":"https:\/\/agora.xtec.cat\/ceipgranullarius\/?p=2639"},"modified":"2021-12-16T10:43:13","modified_gmt":"2021-12-16T09:43:13","slug":"franca-montenegro","status":"publish","type":"post","link":"https:\/\/agora.xtec.cat\/ceipgranullarius\/portada\/franca-montenegro\/","title":{"rendered":"FRAN\u00c7A-MONTENEGRO"},"content":{"rendered":"<p style=\"text-align: center;\"><a href=\"https:\/\/agora.xtec.cat\/ceipgranullarius\/wp-content\/uploads\/usu769\/2021\/12\/1.-PORTADA-2.jpg\"><img loading=\"lazy\" decoding=\"async\" class=\"aligncenter size-medium wp-image-2640\" src=\"https:\/\/agora.xtec.cat\/ceipgranullarius\/wp-content\/uploads\/usu769\/2021\/12\/1.-PORTADA-2-300x225.jpg\" alt=\"\" width=\"300\" height=\"225\" srcset=\"https:\/\/agora.xtec.cat\/ceipgranullarius\/wp-content\/uploads\/usu769\/2021\/12\/1.-PORTADA-2-300x225.jpg 300w, https:\/\/agora.xtec.cat\/ceipgranullarius\/wp-content\/uploads\/usu769\/2021\/12\/1.-PORTADA-2-768x576.jpg 768w, https:\/\/agora.xtec.cat\/ceipgranullarius\/wp-content\/uploads\/usu769\/2021\/12\/1.-PORTADA-2-200x150.jpg 200w, https:\/\/agora.xtec.cat\/ceipgranullarius\/wp-content\/uploads\/usu769\/2021\/12\/1.-PORTADA-2.jpg 1024w\" sizes=\"auto, (max-width: 300px) 100vw, 300px\" \/><\/a><\/p>\n<p><span style=\"font-weight: 400;\">Mundial Handbol Femen\u00ed<\/span><\/p>\n<p><span style=\"font-weight: 400;\">El dimarts 7\u00a0 de desembre ens van tornar a convidar a veure el partit de FRAN\u00c7A-MONTENEGRO. La nostra escola va anar a animar a l\u2019equip de Fran\u00e7a que \u00e9s el pa\u00eds que representem.<\/span><\/p>\n<p><span style=\"font-weight: 400;\">Enhorabona campiones per guanyar aquest partit tan emocionant!!<\/span><\/p>\n<p><span style=\"font-weight: 400;\">Ens ho van passar molt b\u00e9!!<\/span><\/p>\n<p><a href=\"https:\/\/photos.app.goo.gl\/1ahDJ5vcMz5hX4tN9\">\u00c0lbum de fotos.<\/a><\/p>\n","protected":false},"excerpt":{"rendered":"<p><a href=\"https:\/\/agora.xtec.cat\/ceipgranullarius\/wp-content\/uploads\/usu769\/2021\/12\/1.-PORTADA-2.jpg\"><\/a><br \/>\nMundial Handbol Femen\u00ed<br \/>\nEl dimarts 7\u00a0 de desembre ens van tornar a convidar a veure el partit de FRAN\u00c7A-MONTENEGRO. La nostra escola va anar a animar a l\u2019equip de Fran\u00e7a que \u00e9s el pa\u00eds que representem.<br \/>\nEnhorabona campiones per guanyar aquest partit tan emocionant!!<br \/>\nEns ho van&hellip;  <a href=\"https:\/\/agora.xtec.cat\/ceipgranullarius\/portada\/franca-montenegro\/\" title=\"Read FRAN\u00c7A-MONTENEGRO\">Llegeix m\u00e9s\u00bb<\/a><\/p>\n","protected":false},"author":1,"featured_media":1151,"comment_status":"closed","ping_status":"closed","sticky":false,"template":"","format":"standard","meta":{"_bbp_topic_count":0,"_bbp_reply_count":0,"_bbp_total_topic_count":0,"_bbp_total_reply_count":0,"_bbp_voice_count":0,"_bbp_anonymous_reply_count":0,"_bbp_topic_count_hidden":0,"_bbp_reply_count_hidden":0,"_bbp_forum_subforum_count":0,"footnotes":""},"categories":[4],"tags":[],"class_list":["post-2639","post","type-post","status-publish","format-standard","has-post-thumbnail","hentry","category-portada"],"post_mailing_queue_ids":[],"_links":{"self":[{"href":"https:\/\/agora.xtec.cat\/ceipgranullarius\/wp-json\/wp\/v2\/posts\/2639","targetHints":{"allow":["GET"]}}],"collection":[{"href":"https:\/\/agora.xtec.cat\/ceipgranullarius\/wp-json\/wp\/v2\/posts"}],"about":[{"href":"https:\/\/agora.xtec.cat\/ceipgranullarius\/wp-json\/wp\/v2\/types\/post"}],"author":[{"embeddable":true,"href":"https:\/\/agora.xtec.cat\/ceipgranullarius\/wp-json\/wp\/v2\/users\/1"}],"replies":[{"embeddable":true,"href":"https:\/\/agora.xtec.cat\/ceipgranullarius\/wp-json\/wp\/v2\/comments?post=2639"}],"version-history":[{"count":1,"href":"https:\/\/agora.xtec.cat\/ceipgranullarius\/wp-json\/wp\/v2\/posts\/2639\/revisions"}],"predecessor-version":[{"id":2641,"href":"https:\/\/agora.xtec.cat\/ceipgranullarius\/wp-json\/wp\/v2\/posts\/2639\/revisions\/2641"}],"wp:featuredmedia":[{"embeddable":true,"href":"https:\/\/agora.xtec.cat\/ceipgranullarius\/wp-json\/wp\/v2\/media\/1151"}],"wp:attachment":[{"href":"https:\/\/agora.xtec.cat\/ceipgranullarius\/wp-json\/wp\/v2\/media?parent=2639"}],"wp:term":[{"taxonomy":"category","embeddable":true,"href":"https:\/\/agora.xtec.cat\/ceipgranullarius\/wp-json\/wp\/v2\/categories?post=2639"},{"taxonomy":"post_tag","embeddable":true,"href":"https:\/\/agora.xtec.cat\/ceipgranullarius\/wp-json\/wp\/v2\/tags?post=2639"}],"curies":[{"name":"wp","href":"https:\/\/api.w.org\/{rel}","templated":true}]}}