{"id":2624,"date":"2021-12-14T17:34:55","date_gmt":"2021-12-14T16:34:55","guid":{"rendered":"https:\/\/agora.xtec.cat\/ceipgranullarius\/?p=2624"},"modified":"2021-12-14T17:34:55","modified_gmt":"2021-12-14T16:34:55","slug":"projecte-radio-granullarius-5e","status":"publish","type":"post","link":"https:\/\/agora.xtec.cat\/ceipgranullarius\/portada\/projecte-radio-granullarius-5e\/","title":{"rendered":"PROJECTE R\u00c0DIO GRANULLARIUS 5\u00e8"},"content":{"rendered":"<p style=\"text-align: center;\"><a href=\"https:\/\/agora.xtec.cat\/ceipgranullarius\/wp-content\/uploads\/usu769\/2021\/12\/IMG_20211125_091831-scaled.jpg\"><img loading=\"lazy\" decoding=\"async\" class=\"aligncenter size-medium wp-image-2625\" src=\"https:\/\/agora.xtec.cat\/ceipgranullarius\/wp-content\/uploads\/usu769\/2021\/12\/IMG_20211125_091831-300x225.jpg\" alt=\"\" width=\"300\" height=\"225\" srcset=\"https:\/\/agora.xtec.cat\/ceipgranullarius\/wp-content\/uploads\/usu769\/2021\/12\/IMG_20211125_091831-300x225.jpg 300w, https:\/\/agora.xtec.cat\/ceipgranullarius\/wp-content\/uploads\/usu769\/2021\/12\/IMG_20211125_091831-1024x768.jpg 1024w, https:\/\/agora.xtec.cat\/ceipgranullarius\/wp-content\/uploads\/usu769\/2021\/12\/IMG_20211125_091831-768x576.jpg 768w, https:\/\/agora.xtec.cat\/ceipgranullarius\/wp-content\/uploads\/usu769\/2021\/12\/IMG_20211125_091831-1536x1152.jpg 1536w, https:\/\/agora.xtec.cat\/ceipgranullarius\/wp-content\/uploads\/usu769\/2021\/12\/IMG_20211125_091831-2048x1536.jpg 2048w, https:\/\/agora.xtec.cat\/ceipgranullarius\/wp-content\/uploads\/usu769\/2021\/12\/IMG_20211125_091831-200x150.jpg 200w\" sizes=\"auto, (max-width: 300px) 100vw, 300px\" \/><\/a><\/p>\n<p><span style=\"font-weight: 400;\">Continuem amb el projecte R\u00e0dio Granullarius que el fan possible dia a dia l\u2019alumnat de 5\u00e8. Cada mat\u00ed escoltem les not\u00edcies del dia: aniversaris, sortides, activitats i esdeveniments. Tots i totes estem ben informats i informades!!<\/span><\/p>\n<p><a href=\"https:\/\/photos.app.goo.gl\/oor2hnoW5kZzfHDe9\">Album de fotos.<\/a><\/p>\n","protected":false},"excerpt":{"rendered":"<p><a href=\"https:\/\/agora.xtec.cat\/ceipgranullarius\/wp-content\/uploads\/usu769\/2021\/12\/IMG_20211125_091831-scaled.jpg\"><\/a><br \/>\nContinuem amb el projecte R\u00e0dio Granullarius que el fan possible dia a dia l\u2019alumnat de 5\u00e8. Cada mat\u00ed escoltem les not\u00edcies del dia: aniversaris, sortides, activitats i esdeveniments. Tots i totes estem ben informats i informades!!<br \/>\n<a href=\"https:\/\/photos.app.goo.gl\/oor2hnoW5kZzfHDe9\">Album de fotos.<\/a><\/p>\n","protected":false},"author":1,"featured_media":1151,"comment_status":"closed","ping_status":"closed","sticky":false,"template":"","format":"standard","meta":{"_bbp_topic_count":0,"_bbp_reply_count":0,"_bbp_total_topic_count":0,"_bbp_total_reply_count":0,"_bbp_voice_count":0,"_bbp_anonymous_reply_count":0,"_bbp_topic_count_hidden":0,"_bbp_reply_count_hidden":0,"_bbp_forum_subforum_count":0,"footnotes":""},"categories":[14,4],"tags":[],"class_list":["post-2624","post","type-post","status-publish","format-standard","has-post-thumbnail","hentry","category-5e","category-portada"],"post_mailing_queue_ids":[],"_links":{"self":[{"href":"https:\/\/agora.xtec.cat\/ceipgranullarius\/wp-json\/wp\/v2\/posts\/2624","targetHints":{"allow":["GET"]}}],"collection":[{"href":"https:\/\/agora.xtec.cat\/ceipgranullarius\/wp-json\/wp\/v2\/posts"}],"about":[{"href":"https:\/\/agora.xtec.cat\/ceipgranullarius\/wp-json\/wp\/v2\/types\/post"}],"author":[{"embeddable":true,"href":"https:\/\/agora.xtec.cat\/ceipgranullarius\/wp-json\/wp\/v2\/users\/1"}],"replies":[{"embeddable":true,"href":"https:\/\/agora.xtec.cat\/ceipgranullarius\/wp-json\/wp\/v2\/comments?post=2624"}],"version-history":[{"count":1,"href":"https:\/\/agora.xtec.cat\/ceipgranullarius\/wp-json\/wp\/v2\/posts\/2624\/revisions"}],"predecessor-version":[{"id":2626,"href":"https:\/\/agora.xtec.cat\/ceipgranullarius\/wp-json\/wp\/v2\/posts\/2624\/revisions\/2626"}],"wp:featuredmedia":[{"embeddable":true,"href":"https:\/\/agora.xtec.cat\/ceipgranullarius\/wp-json\/wp\/v2\/media\/1151"}],"wp:attachment":[{"href":"https:\/\/agora.xtec.cat\/ceipgranullarius\/wp-json\/wp\/v2\/media?parent=2624"}],"wp:term":[{"taxonomy":"category","embeddable":true,"href":"https:\/\/agora.xtec.cat\/ceipgranullarius\/wp-json\/wp\/v2\/categories?post=2624"},{"taxonomy":"post_tag","embeddable":true,"href":"https:\/\/agora.xtec.cat\/ceipgranullarius\/wp-json\/wp\/v2\/tags?post=2624"}],"curies":[{"name":"wp","href":"https:\/\/api.w.org\/{rel}","templated":true}]}}