{"id":2615,"date":"2021-12-14T17:23:24","date_gmt":"2021-12-14T16:23:24","guid":{"rendered":"https:\/\/agora.xtec.cat\/ceipgranullarius\/?p=2615"},"modified":"2021-12-14T17:23:24","modified_gmt":"2021-12-14T16:23:24","slug":"projecte-fruita-escola","status":"publish","type":"post","link":"https:\/\/agora.xtec.cat\/ceipgranullarius\/educacio-infantil\/projecte-fruita-escola\/","title":{"rendered":"PROJECTE FRUITA ESCOLA"},"content":{"rendered":"<p style=\"text-align: center;\"><a href=\"https:\/\/agora.xtec.cat\/ceipgranullarius\/wp-content\/uploads\/usu769\/2021\/12\/2PORTADA.jpg\"><img loading=\"lazy\" decoding=\"async\" class=\"aligncenter size-medium wp-image-2616\" src=\"https:\/\/agora.xtec.cat\/ceipgranullarius\/wp-content\/uploads\/usu769\/2021\/12\/2PORTADA-300x169.jpg\" alt=\"\" width=\"300\" height=\"169\" srcset=\"https:\/\/agora.xtec.cat\/ceipgranullarius\/wp-content\/uploads\/usu769\/2021\/12\/2PORTADA-300x169.jpg 300w, https:\/\/agora.xtec.cat\/ceipgranullarius\/wp-content\/uploads\/usu769\/2021\/12\/2PORTADA-1024x576.jpg 1024w, https:\/\/agora.xtec.cat\/ceipgranullarius\/wp-content\/uploads\/usu769\/2021\/12\/2PORTADA-768x432.jpg 768w, https:\/\/agora.xtec.cat\/ceipgranullarius\/wp-content\/uploads\/usu769\/2021\/12\/2PORTADA-1536x864.jpg 1536w, https:\/\/agora.xtec.cat\/ceipgranullarius\/wp-content\/uploads\/usu769\/2021\/12\/2PORTADA.jpg 1599w\" sizes=\"auto, (max-width: 300px) 100vw, 300px\" \/><\/a><\/p>\n<p><span style=\"font-weight: 400;\">Tornem a engegar el Projecte de la fruita a l\u2019escola organitzat pel Departament d\u2019Agricultura i ramaderia.<\/span><\/p>\n<p><span style=\"font-weight: 400;\">L\u2019alumnat d\u2019educaci\u00f3 infantil i cicle inicial ha pogut esmorzar ra\u00efm i mandarines. la fruita estava bon\u00edssima!!<\/span><\/p>\n<p><span style=\"font-weight: 400;\">Moltes gr\u00e0cies fam\u00edlies per la vostra col\u00b7laboraci\u00f3!!<\/span><\/p>\n<p><a href=\"https:\/\/photos.app.goo.gl\/8ypEG9rsRx3VpGsK6\">\u00c0lbum de fotos.<\/a><\/p>\n","protected":false},"excerpt":{"rendered":"<p><a href=\"https:\/\/agora.xtec.cat\/ceipgranullarius\/wp-content\/uploads\/usu769\/2021\/12\/2PORTADA.jpg\"><\/a><br \/>\nTornem a engegar el Projecte de la fruita a l\u2019escola organitzat pel Departament d\u2019Agricultura i ramaderia.<br \/>\nL\u2019alumnat d\u2019educaci\u00f3 infantil i cicle inicial ha pogut esmorzar ra\u00efm i mandarines. la fruita estava bon\u00edssima!!<br \/>\nMoltes gr\u00e0cies fam\u00edlies per la vostra col\u00b7laboraci\u00f3!!<br \/>\n<a href=\"https:\/\/photos.app.goo.gl\/8ypEG9rsRx3VpGsK6\">\u00c0lbum de fotos.<\/a><\/p>\n","protected":false},"author":1,"featured_media":1151,"comment_status":"closed","ping_status":"closed","sticky":false,"template":"","format":"standard","meta":{"_bbp_topic_count":0,"_bbp_reply_count":0,"_bbp_total_topic_count":0,"_bbp_total_reply_count":0,"_bbp_voice_count":0,"_bbp_anonymous_reply_count":0,"_bbp_topic_count_hidden":0,"_bbp_reply_count_hidden":0,"_bbp_forum_subforum_count":0,"footnotes":""},"categories":[10,11,2,3,8,9,4],"tags":[],"class_list":["post-2615","post","type-post","status-publish","format-standard","has-post-thumbnail","hentry","category-1r","category-2n","category-educacio-infantil","category-i3","category-i4","category-i5","category-portada"],"post_mailing_queue_ids":[],"_links":{"self":[{"href":"https:\/\/agora.xtec.cat\/ceipgranullarius\/wp-json\/wp\/v2\/posts\/2615","targetHints":{"allow":["GET"]}}],"collection":[{"href":"https:\/\/agora.xtec.cat\/ceipgranullarius\/wp-json\/wp\/v2\/posts"}],"about":[{"href":"https:\/\/agora.xtec.cat\/ceipgranullarius\/wp-json\/wp\/v2\/types\/post"}],"author":[{"embeddable":true,"href":"https:\/\/agora.xtec.cat\/ceipgranullarius\/wp-json\/wp\/v2\/users\/1"}],"replies":[{"embeddable":true,"href":"https:\/\/agora.xtec.cat\/ceipgranullarius\/wp-json\/wp\/v2\/comments?post=2615"}],"version-history":[{"count":1,"href":"https:\/\/agora.xtec.cat\/ceipgranullarius\/wp-json\/wp\/v2\/posts\/2615\/revisions"}],"predecessor-version":[{"id":2617,"href":"https:\/\/agora.xtec.cat\/ceipgranullarius\/wp-json\/wp\/v2\/posts\/2615\/revisions\/2617"}],"wp:featuredmedia":[{"embeddable":true,"href":"https:\/\/agora.xtec.cat\/ceipgranullarius\/wp-json\/wp\/v2\/media\/1151"}],"wp:attachment":[{"href":"https:\/\/agora.xtec.cat\/ceipgranullarius\/wp-json\/wp\/v2\/media?parent=2615"}],"wp:term":[{"taxonomy":"category","embeddable":true,"href":"https:\/\/agora.xtec.cat\/ceipgranullarius\/wp-json\/wp\/v2\/categories?post=2615"},{"taxonomy":"post_tag","embeddable":true,"href":"https:\/\/agora.xtec.cat\/ceipgranullarius\/wp-json\/wp\/v2\/tags?post=2615"}],"curies":[{"name":"wp","href":"https:\/\/api.w.org\/{rel}","templated":true}]}}