{"id":2609,"date":"2021-12-14T17:17:34","date_gmt":"2021-12-14T16:17:34","guid":{"rendered":"https:\/\/agora.xtec.cat\/ceipgranullarius\/?p=2609"},"modified":"2021-12-14T17:17:34","modified_gmt":"2021-12-14T16:17:34","slug":"operacio-nen-de-nadal","status":"publish","type":"post","link":"https:\/\/agora.xtec.cat\/ceipgranullarius\/educacio-infantil\/operacio-nen-de-nadal\/","title":{"rendered":"OPERACI\u00d3 NEN DE NADAL"},"content":{"rendered":"<p style=\"text-align: center;\"><a href=\"https:\/\/agora.xtec.cat\/ceipgranullarius\/wp-content\/uploads\/usu769\/2021\/12\/1.-PORTADA--scaled.jpg\"><img loading=\"lazy\" decoding=\"async\" class=\"aligncenter size-medium wp-image-2610\" src=\"https:\/\/agora.xtec.cat\/ceipgranullarius\/wp-content\/uploads\/usu769\/2021\/12\/1.-PORTADA--300x225.jpg\" alt=\"\" width=\"300\" height=\"225\" srcset=\"https:\/\/agora.xtec.cat\/ceipgranullarius\/wp-content\/uploads\/usu769\/2021\/12\/1.-PORTADA--300x225.jpg 300w, https:\/\/agora.xtec.cat\/ceipgranullarius\/wp-content\/uploads\/usu769\/2021\/12\/1.-PORTADA--1024x768.jpg 1024w, https:\/\/agora.xtec.cat\/ceipgranullarius\/wp-content\/uploads\/usu769\/2021\/12\/1.-PORTADA--768x576.jpg 768w, https:\/\/agora.xtec.cat\/ceipgranullarius\/wp-content\/uploads\/usu769\/2021\/12\/1.-PORTADA--1536x1152.jpg 1536w, https:\/\/agora.xtec.cat\/ceipgranullarius\/wp-content\/uploads\/usu769\/2021\/12\/1.-PORTADA--2048x1536.jpg 2048w, https:\/\/agora.xtec.cat\/ceipgranullarius\/wp-content\/uploads\/usu769\/2021\/12\/1.-PORTADA--200x150.jpg 200w\" sizes=\"auto, (max-width: 300px) 100vw, 300px\" \/><\/a><\/p>\n<p><span style=\"font-weight: 400;\">L&#8217;escola ha participat en el Projecte Operaci\u00f3 Nen de Nadal.<\/span><\/p>\n<p><span style=\"font-weight: 400;\">Molt\u00edssimes gr\u00e0cies fam\u00edlies i\u00a0 nens i nenes de l&#8217;escola per la vostra col\u00b7laboraci\u00f3 en aquest projecte!!<\/span><\/p>\n<p><span style=\"font-weight: 400;\">Hem enviat molta felicitat a molts nens i moltes nenes que ho necessitaven!!<\/span><\/p>\n<p><span style=\"font-weight: 400;\">Moltes felicitats per la bona feina!!<\/span><\/p>\n<p><a href=\"https:\/\/photos.app.goo.gl\/irkMzNWg4j6QMT7o7\">\u00c0lbum de fotos.<\/a><\/p>\n","protected":false},"excerpt":{"rendered":"<p><a href=\"https:\/\/agora.xtec.cat\/ceipgranullarius\/wp-content\/uploads\/usu769\/2021\/12\/1.-PORTADA--scaled.jpg\"><\/a><br \/>\nL&#8217;escola ha participat en el Projecte Operaci\u00f3 Nen de Nadal.<br \/>\nMolt\u00edssimes gr\u00e0cies fam\u00edlies i\u00a0 nens i nenes de l&#8217;escola per la vostra col\u00b7laboraci\u00f3 en aquest projecte!!<br \/>\nHem enviat molta felicitat a molts nens i moltes nenes que ho necessitaven!!<br \/>\nMoltes felicitats per la bona feina!!<br \/>\n<a href=\"https:\/\/photos.app.goo.gl\/irkMzNWg4j6QMT7o7\">\u00c0lbum de&hellip;  <a href=\"https:\/\/agora.xtec.cat\/ceipgranullarius\/educacio-infantil\/operacio-nen-de-nadal\/\" title=\"Read OPERACI\u00d3 NEN DE NADAL\">Llegeix m\u00e9s\u00bb<\/a><\/p>\n","protected":false},"author":1,"featured_media":1151,"comment_status":"closed","ping_status":"closed","sticky":false,"template":"","format":"standard","meta":{"_bbp_topic_count":0,"_bbp_reply_count":0,"_bbp_total_topic_count":0,"_bbp_total_reply_count":0,"_bbp_voice_count":0,"_bbp_anonymous_reply_count":0,"_bbp_topic_count_hidden":0,"_bbp_reply_count_hidden":0,"_bbp_forum_subforum_count":0,"footnotes":""},"categories":[2,4],"tags":[],"class_list":["post-2609","post","type-post","status-publish","format-standard","has-post-thumbnail","hentry","category-educacio-infantil","category-portada"],"post_mailing_queue_ids":[],"_links":{"self":[{"href":"https:\/\/agora.xtec.cat\/ceipgranullarius\/wp-json\/wp\/v2\/posts\/2609","targetHints":{"allow":["GET"]}}],"collection":[{"href":"https:\/\/agora.xtec.cat\/ceipgranullarius\/wp-json\/wp\/v2\/posts"}],"about":[{"href":"https:\/\/agora.xtec.cat\/ceipgranullarius\/wp-json\/wp\/v2\/types\/post"}],"author":[{"embeddable":true,"href":"https:\/\/agora.xtec.cat\/ceipgranullarius\/wp-json\/wp\/v2\/users\/1"}],"replies":[{"embeddable":true,"href":"https:\/\/agora.xtec.cat\/ceipgranullarius\/wp-json\/wp\/v2\/comments?post=2609"}],"version-history":[{"count":1,"href":"https:\/\/agora.xtec.cat\/ceipgranullarius\/wp-json\/wp\/v2\/posts\/2609\/revisions"}],"predecessor-version":[{"id":2611,"href":"https:\/\/agora.xtec.cat\/ceipgranullarius\/wp-json\/wp\/v2\/posts\/2609\/revisions\/2611"}],"wp:featuredmedia":[{"embeddable":true,"href":"https:\/\/agora.xtec.cat\/ceipgranullarius\/wp-json\/wp\/v2\/media\/1151"}],"wp:attachment":[{"href":"https:\/\/agora.xtec.cat\/ceipgranullarius\/wp-json\/wp\/v2\/media?parent=2609"}],"wp:term":[{"taxonomy":"category","embeddable":true,"href":"https:\/\/agora.xtec.cat\/ceipgranullarius\/wp-json\/wp\/v2\/categories?post=2609"},{"taxonomy":"post_tag","embeddable":true,"href":"https:\/\/agora.xtec.cat\/ceipgranullarius\/wp-json\/wp\/v2\/tags?post=2609"}],"curies":[{"name":"wp","href":"https:\/\/api.w.org\/{rel}","templated":true}]}}