{"id":2603,"date":"2021-12-14T17:08:14","date_gmt":"2021-12-14T16:08:14","guid":{"rendered":"https:\/\/agora.xtec.cat\/ceipgranullarius\/?p=2603"},"modified":"2021-12-14T17:08:14","modified_gmt":"2021-12-14T16:08:14","slug":"bodego-p5","status":"publish","type":"post","link":"https:\/\/agora.xtec.cat\/ceipgranullarius\/educacio-infantil\/bodego-p5\/","title":{"rendered":"Bodeg\u00f2 P5"},"content":{"rendered":"<p style=\"text-align: center;\"><a href=\"https:\/\/agora.xtec.cat\/ceipgranullarius\/wp-content\/uploads\/usu769\/2021\/12\/1.PORTADA.jpg\"><img loading=\"lazy\" decoding=\"async\" class=\"aligncenter size-medium wp-image-2604\" src=\"https:\/\/agora.xtec.cat\/ceipgranullarius\/wp-content\/uploads\/usu769\/2021\/12\/1.PORTADA-300x169.jpg\" alt=\"\" width=\"300\" height=\"169\" srcset=\"https:\/\/agora.xtec.cat\/ceipgranullarius\/wp-content\/uploads\/usu769\/2021\/12\/1.PORTADA-300x169.jpg 300w, https:\/\/agora.xtec.cat\/ceipgranullarius\/wp-content\/uploads\/usu769\/2021\/12\/1.PORTADA-1024x576.jpg 1024w, https:\/\/agora.xtec.cat\/ceipgranullarius\/wp-content\/uploads\/usu769\/2021\/12\/1.PORTADA-768x432.jpg 768w, https:\/\/agora.xtec.cat\/ceipgranullarius\/wp-content\/uploads\/usu769\/2021\/12\/1.PORTADA-1536x864.jpg 1536w, https:\/\/agora.xtec.cat\/ceipgranullarius\/wp-content\/uploads\/usu769\/2021\/12\/1.PORTADA.jpg 1920w\" sizes=\"auto, (max-width: 300px) 100vw, 300px\" \/><\/a><\/p>\n<p><span style=\"font-weight: 400;\">DURANT AQUEST TRIMESTRE HEM TREBALLAT LA TARDOR, ELS SEUS FRUITS I COLORS. PERQU\u00c8 PUGUEU VEURE UNA PETITA MOSTRA DE LA FEINA FETA. AQU\u00cd US DEIXEM UNES FOTOS. SOM UNS ARTISTES! ENS HO HEM PASSAT MOLT B\u00c9!<\/span><\/p>\n<p><a href=\"https:\/\/photos.app.goo.gl\/UDR4iKhESDppiBbYA\">\u00c0lbum de fotos.<\/a><\/p>\n","protected":false},"excerpt":{"rendered":"<p><a href=\"https:\/\/agora.xtec.cat\/ceipgranullarius\/wp-content\/uploads\/usu769\/2021\/12\/1.PORTADA.jpg\"><\/a><br \/>\nDURANT AQUEST TRIMESTRE HEM TREBALLAT LA TARDOR, ELS SEUS FRUITS I COLORS. PERQU\u00c8 PUGUEU VEURE UNA PETITA MOSTRA DE LA FEINA FETA. AQU\u00cd US DEIXEM UNES FOTOS. SOM UNS ARTISTES! ENS HO HEM PASSAT MOLT B\u00c9!<br \/>\n<a href=\"https:\/\/photos.app.goo.gl\/UDR4iKhESDppiBbYA\">\u00c0lbum de fotos.<\/a><\/p>\n","protected":false},"author":1,"featured_media":1151,"comment_status":"closed","ping_status":"closed","sticky":false,"template":"","format":"standard","meta":{"_bbp_topic_count":0,"_bbp_reply_count":0,"_bbp_total_topic_count":0,"_bbp_total_reply_count":0,"_bbp_voice_count":0,"_bbp_anonymous_reply_count":0,"_bbp_topic_count_hidden":0,"_bbp_reply_count_hidden":0,"_bbp_forum_subforum_count":0,"footnotes":""},"categories":[2,9,4],"tags":[],"class_list":["post-2603","post","type-post","status-publish","format-standard","has-post-thumbnail","hentry","category-educacio-infantil","category-i5","category-portada"],"post_mailing_queue_ids":[],"_links":{"self":[{"href":"https:\/\/agora.xtec.cat\/ceipgranullarius\/wp-json\/wp\/v2\/posts\/2603","targetHints":{"allow":["GET"]}}],"collection":[{"href":"https:\/\/agora.xtec.cat\/ceipgranullarius\/wp-json\/wp\/v2\/posts"}],"about":[{"href":"https:\/\/agora.xtec.cat\/ceipgranullarius\/wp-json\/wp\/v2\/types\/post"}],"author":[{"embeddable":true,"href":"https:\/\/agora.xtec.cat\/ceipgranullarius\/wp-json\/wp\/v2\/users\/1"}],"replies":[{"embeddable":true,"href":"https:\/\/agora.xtec.cat\/ceipgranullarius\/wp-json\/wp\/v2\/comments?post=2603"}],"version-history":[{"count":1,"href":"https:\/\/agora.xtec.cat\/ceipgranullarius\/wp-json\/wp\/v2\/posts\/2603\/revisions"}],"predecessor-version":[{"id":2605,"href":"https:\/\/agora.xtec.cat\/ceipgranullarius\/wp-json\/wp\/v2\/posts\/2603\/revisions\/2605"}],"wp:featuredmedia":[{"embeddable":true,"href":"https:\/\/agora.xtec.cat\/ceipgranullarius\/wp-json\/wp\/v2\/media\/1151"}],"wp:attachment":[{"href":"https:\/\/agora.xtec.cat\/ceipgranullarius\/wp-json\/wp\/v2\/media?parent=2603"}],"wp:term":[{"taxonomy":"category","embeddable":true,"href":"https:\/\/agora.xtec.cat\/ceipgranullarius\/wp-json\/wp\/v2\/categories?post=2603"},{"taxonomy":"post_tag","embeddable":true,"href":"https:\/\/agora.xtec.cat\/ceipgranullarius\/wp-json\/wp\/v2\/tags?post=2603"}],"curies":[{"name":"wp","href":"https:\/\/api.w.org\/{rel}","templated":true}]}}