{"id":2583,"date":"2021-11-30T14:05:55","date_gmt":"2021-11-30T13:05:55","guid":{"rendered":"https:\/\/agora.xtec.cat\/ceipgranullarius\/?p=2583"},"modified":"2021-12-03T12:09:05","modified_gmt":"2021-12-03T11:09:05","slug":"6th-graders-we-are-voice-actresses-and-actors-project","status":"publish","type":"post","link":"https:\/\/agora.xtec.cat\/ceipgranullarius\/portada\/6th-graders-we-are-voice-actresses-and-actors-project\/","title":{"rendered":"6th GRADERS &#8211; WE ARE VOICE\u00a0 ACTRESSES AND ACTORS PROJECT\u00a0"},"content":{"rendered":"<p style=\"text-align: center;\"><a href=\"https:\/\/agora.xtec.cat\/ceipgranullarius\/wp-content\/uploads\/usu769\/2021\/11\/1.-PORTADA.png\"><img loading=\"lazy\" decoding=\"async\" class=\"aligncenter size-medium wp-image-2584\" src=\"https:\/\/agora.xtec.cat\/ceipgranullarius\/wp-content\/uploads\/usu769\/2021\/11\/1.-PORTADA-300x226.png\" alt=\"\" width=\"300\" height=\"226\" srcset=\"https:\/\/agora.xtec.cat\/ceipgranullarius\/wp-content\/uploads\/usu769\/2021\/11\/1.-PORTADA-300x226.png 300w, https:\/\/agora.xtec.cat\/ceipgranullarius\/wp-content\/uploads\/usu769\/2021\/11\/1.-PORTADA-1024x771.png 1024w, https:\/\/agora.xtec.cat\/ceipgranullarius\/wp-content\/uploads\/usu769\/2021\/11\/1.-PORTADA-768x578.png 768w, https:\/\/agora.xtec.cat\/ceipgranullarius\/wp-content\/uploads\/usu769\/2021\/11\/1.-PORTADA-1536x1156.png 1536w, https:\/\/agora.xtec.cat\/ceipgranullarius\/wp-content\/uploads\/usu769\/2021\/11\/1.-PORTADA-200x150.png 200w, https:\/\/agora.xtec.cat\/ceipgranullarius\/wp-content\/uploads\/usu769\/2021\/11\/1.-PORTADA.png 2000w\" sizes=\"auto, (max-width: 300px) 100vw, 300px\" \/><\/a><\/p>\n<p><span style=\"font-weight: 400;\">Els nens i nenes de 6\u00e8 hem fet d\u2019actors de doblatge a partir d\u2019uns curtmetratges en grups de quatre. En primer lloc, hem triat el v\u00eddeo i ens hem repartit els personatges. Tot seguit hem pensat els di\u00e0legs i els hem anat elaborant a trav\u00e9s d\u2019una hist\u00f2ria. Finalment, hem assajat i\u00a0 hem enregistrat les nostres veus.<\/span><\/p>\n<p><span style=\"font-weight: 400;\">Aquesta activitat ens ha anat molt b\u00e9 per millorar la pronunciaci\u00f3 en angl\u00e8s i tenir m\u00e9s cura de l\u2019entonaci\u00f3 i de la pronunciaci\u00f3. Ha estat una experi\u00e8ncia molt xula!<\/span><\/p>\n<p><span style=\"font-weight: 400;\">6th graders have been acting as voice actresses and actors through different shorts films in groups of four. First of all, we have chosen the short film and then we have cast the characters. After that, we thought about the dialogues and we elaborated them through a story. Finally, we have practiced and recorded our voices.\u00a0<\/span><\/p>\n<p><span style=\"font-weight: 400;\">This activity has been great to improve our pronunciation and intonation in english. It has been really cool!\u00a0<\/span><\/p>\n<p><a href=\"https:\/\/photos.app.goo.gl\/YwoyNcDqCZ2uEdgR7\">\u00c0lbum de v\u00eddeos.<\/a><\/p>\n","protected":false},"excerpt":{"rendered":"<p><a href=\"https:\/\/agora.xtec.cat\/ceipgranullarius\/wp-content\/uploads\/usu769\/2021\/11\/1.-PORTADA.png\"><\/a><br \/>\nEls nens i nenes de 6\u00e8 hem fet d\u2019actors de doblatge a partir d\u2019uns curtmetratges en grups de quatre. En primer lloc, hem triat el v\u00eddeo i ens hem repartit els personatges. Tot seguit hem pensat els di\u00e0legs i els hem anat elaborant a&hellip;  <a href=\"https:\/\/agora.xtec.cat\/ceipgranullarius\/portada\/6th-graders-we-are-voice-actresses-and-actors-project\/\" title=\"Read 6th GRADERS &#8211; WE ARE VOICE\u00a0 ACTRESSES AND ACTORS PROJECT\u00a0\">Llegeix m\u00e9s\u00bb<\/a><\/p>\n","protected":false},"author":1,"featured_media":1151,"comment_status":"closed","ping_status":"closed","sticky":false,"template":"","format":"standard","meta":{"_bbp_topic_count":0,"_bbp_reply_count":0,"_bbp_total_topic_count":0,"_bbp_total_reply_count":0,"_bbp_voice_count":0,"_bbp_anonymous_reply_count":0,"_bbp_topic_count_hidden":0,"_bbp_reply_count_hidden":0,"_bbp_forum_subforum_count":0,"footnotes":""},"categories":[15,46,4],"tags":[],"class_list":["post-2583","post","type-post","status-publish","format-standard","has-post-thumbnail","hentry","category-6e","category-som-escola-gep","category-portada"],"post_mailing_queue_ids":[],"_links":{"self":[{"href":"https:\/\/agora.xtec.cat\/ceipgranullarius\/wp-json\/wp\/v2\/posts\/2583","targetHints":{"allow":["GET"]}}],"collection":[{"href":"https:\/\/agora.xtec.cat\/ceipgranullarius\/wp-json\/wp\/v2\/posts"}],"about":[{"href":"https:\/\/agora.xtec.cat\/ceipgranullarius\/wp-json\/wp\/v2\/types\/post"}],"author":[{"embeddable":true,"href":"https:\/\/agora.xtec.cat\/ceipgranullarius\/wp-json\/wp\/v2\/users\/1"}],"replies":[{"embeddable":true,"href":"https:\/\/agora.xtec.cat\/ceipgranullarius\/wp-json\/wp\/v2\/comments?post=2583"}],"version-history":[{"count":3,"href":"https:\/\/agora.xtec.cat\/ceipgranullarius\/wp-json\/wp\/v2\/posts\/2583\/revisions"}],"predecessor-version":[{"id":2596,"href":"https:\/\/agora.xtec.cat\/ceipgranullarius\/wp-json\/wp\/v2\/posts\/2583\/revisions\/2596"}],"wp:featuredmedia":[{"embeddable":true,"href":"https:\/\/agora.xtec.cat\/ceipgranullarius\/wp-json\/wp\/v2\/media\/1151"}],"wp:attachment":[{"href":"https:\/\/agora.xtec.cat\/ceipgranullarius\/wp-json\/wp\/v2\/media?parent=2583"}],"wp:term":[{"taxonomy":"category","embeddable":true,"href":"https:\/\/agora.xtec.cat\/ceipgranullarius\/wp-json\/wp\/v2\/categories?post=2583"},{"taxonomy":"post_tag","embeddable":true,"href":"https:\/\/agora.xtec.cat\/ceipgranullarius\/wp-json\/wp\/v2\/tags?post=2583"}],"curies":[{"name":"wp","href":"https:\/\/api.w.org\/{rel}","templated":true}]}}