{"id":2566,"date":"2021-11-25T11:22:13","date_gmt":"2021-11-25T10:22:13","guid":{"rendered":"https:\/\/agora.xtec.cat\/ceipgranullarius\/?p=2566"},"modified":"2021-11-25T11:31:23","modified_gmt":"2021-11-25T10:31:23","slug":"2a-edicio-premis-pcee","status":"publish","type":"post","link":"https:\/\/agora.xtec.cat\/ceipgranullarius\/general\/2a-edicio-premis-pcee\/","title":{"rendered":"2a EDICI\u00d3 PREMIS PCEE"},"content":{"rendered":"<p style=\"text-align: center;\"><a href=\"https:\/\/agora.xtec.cat\/ceipgranullarius\/wp-content\/uploads\/usu769\/2021\/11\/portada.png\"><img loading=\"lazy\" decoding=\"async\" class=\"aligncenter size-medium wp-image-2567\" src=\"https:\/\/agora.xtec.cat\/ceipgranullarius\/wp-content\/uploads\/usu769\/2021\/11\/portada-300x180.png\" alt=\"\" width=\"300\" height=\"180\" srcset=\"https:\/\/agora.xtec.cat\/ceipgranullarius\/wp-content\/uploads\/usu769\/2021\/11\/portada-300x180.png 300w, https:\/\/agora.xtec.cat\/ceipgranullarius\/wp-content\/uploads\/usu769\/2021\/11\/portada.png 705w\" sizes=\"auto, (max-width: 300px) 100vw, 300px\" \/><\/a><\/p>\n<p><a href=\"https:\/\/agora.xtec.cat\/ceipgranullarius\/wp-content\/uploads\/usu769\/2021\/11\/Premi-Escola.png\"><img loading=\"lazy\" decoding=\"async\" class=\"aligncenter size-medium wp-image-2568\" src=\"https:\/\/agora.xtec.cat\/ceipgranullarius\/wp-content\/uploads\/usu769\/2021\/11\/Premi-Escola-300x118.png\" alt=\"\" width=\"300\" height=\"118\" srcset=\"https:\/\/agora.xtec.cat\/ceipgranullarius\/wp-content\/uploads\/usu769\/2021\/11\/Premi-Escola-300x118.png 300w, https:\/\/agora.xtec.cat\/ceipgranullarius\/wp-content\/uploads\/usu769\/2021\/11\/Premi-Escola.png 741w\" sizes=\"auto, (max-width: 300px) 100vw, 300px\" \/><\/a><\/p>\n<p style=\"text-align: left;\"><span style=\"font-weight: 400;\">La nostra escola ha estat una de les 10 finalistes de les Seccions Esportives Escolars de l\u2019AMPA!!<\/span><\/p>\n<p><span style=\"font-weight: 400;\">El passat 18 de novembre es va celebrar la cerim\u00f2nia de la 2a edici\u00f3 dels Premis Pla Catal\u00e0 d\u2019Esport a l\u2019Escola a la sala d\u2019actes de l\u2019INEFC Barcelona. Aquests premis s\u00f3n un reconeixement a aquelles entitats i professionals, que treballen per transformar positivament la realitat social dels infants i adolescents mitjan\u00e7ant l\u2019esport i\/o l\u2019activitat f\u00edsica en l\u2019entorn escolar.\u00a0<\/span><\/p>\n<p><span style=\"font-weight: 400;\">De la m\u00e0 del presentador i imitador Pep Plaza es va anar anunciant els finalistes i es van lliurar els diferents premis als guanyadors despr\u00e9s d\u2019haver avaluat m\u00e9s de 1.000 centres educatius, Associacions Esportives Escolars, Seccions Esportives Escolars de les AMPA, Coordinadors\/es, Consells Esportius i Dinamitzadors\/es de tot Catalunya que formen part del PCEE.<\/span><\/p>\n<p><a href=\"https:\/\/photos.app.goo.gl\/TDsqSBekSJtJuEev7\">\u00c0lbum de fotos.<\/a><\/p>\n","protected":false},"excerpt":{"rendered":"<p><a href=\"https:\/\/agora.xtec.cat\/ceipgranullarius\/wp-content\/uploads\/usu769\/2021\/11\/portada.png\"><\/a><br \/>\n<a href=\"https:\/\/agora.xtec.cat\/ceipgranullarius\/wp-content\/uploads\/usu769\/2021\/11\/Premi-Escola.png\"><\/a><br \/>\nLa nostra escola ha estat una de les 10 finalistes de les Seccions Esportives Escolars de l\u2019AMPA!!<br \/>\nEl passat 18 de novembre es va celebrar la cerim\u00f2nia de la 2a edici\u00f3 dels Premis Pla Catal\u00e0 d\u2019Esport a l\u2019Escola a la sala d\u2019actes de l\u2019INEFC&hellip;  <a href=\"https:\/\/agora.xtec.cat\/ceipgranullarius\/general\/2a-edicio-premis-pcee\/\" title=\"Read 2a EDICI\u00d3 PREMIS PCEE\">Llegeix m\u00e9s\u00bb<\/a><\/p>\n","protected":false},"author":1,"featured_media":1151,"comment_status":"closed","ping_status":"closed","sticky":false,"template":"","format":"standard","meta":{"_bbp_topic_count":0,"_bbp_reply_count":0,"_bbp_total_topic_count":0,"_bbp_total_reply_count":0,"_bbp_voice_count":0,"_bbp_anonymous_reply_count":0,"_bbp_topic_count_hidden":0,"_bbp_reply_count_hidden":0,"_bbp_forum_subforum_count":0,"footnotes":""},"categories":[2,1,4],"tags":[],"class_list":["post-2566","post","type-post","status-publish","format-standard","has-post-thumbnail","hentry","category-educacio-infantil","category-general","category-portada"],"post_mailing_queue_ids":[],"_links":{"self":[{"href":"https:\/\/agora.xtec.cat\/ceipgranullarius\/wp-json\/wp\/v2\/posts\/2566","targetHints":{"allow":["GET"]}}],"collection":[{"href":"https:\/\/agora.xtec.cat\/ceipgranullarius\/wp-json\/wp\/v2\/posts"}],"about":[{"href":"https:\/\/agora.xtec.cat\/ceipgranullarius\/wp-json\/wp\/v2\/types\/post"}],"author":[{"embeddable":true,"href":"https:\/\/agora.xtec.cat\/ceipgranullarius\/wp-json\/wp\/v2\/users\/1"}],"replies":[{"embeddable":true,"href":"https:\/\/agora.xtec.cat\/ceipgranullarius\/wp-json\/wp\/v2\/comments?post=2566"}],"version-history":[{"count":1,"href":"https:\/\/agora.xtec.cat\/ceipgranullarius\/wp-json\/wp\/v2\/posts\/2566\/revisions"}],"predecessor-version":[{"id":2569,"href":"https:\/\/agora.xtec.cat\/ceipgranullarius\/wp-json\/wp\/v2\/posts\/2566\/revisions\/2569"}],"wp:featuredmedia":[{"embeddable":true,"href":"https:\/\/agora.xtec.cat\/ceipgranullarius\/wp-json\/wp\/v2\/media\/1151"}],"wp:attachment":[{"href":"https:\/\/agora.xtec.cat\/ceipgranullarius\/wp-json\/wp\/v2\/media?parent=2566"}],"wp:term":[{"taxonomy":"category","embeddable":true,"href":"https:\/\/agora.xtec.cat\/ceipgranullarius\/wp-json\/wp\/v2\/categories?post=2566"},{"taxonomy":"post_tag","embeddable":true,"href":"https:\/\/agora.xtec.cat\/ceipgranullarius\/wp-json\/wp\/v2\/tags?post=2566"}],"curies":[{"name":"wp","href":"https:\/\/api.w.org\/{rel}","templated":true}]}}