{"id":2554,"date":"2021-11-18T11:44:25","date_gmt":"2021-11-18T10:44:25","guid":{"rendered":"https:\/\/agora.xtec.cat\/ceipgranullarius\/?p=2554"},"modified":"2021-11-18T11:44:25","modified_gmt":"2021-11-18T10:44:25","slug":"sortida-a-can-pou-2n","status":"publish","type":"post","link":"https:\/\/agora.xtec.cat\/ceipgranullarius\/portada\/sortida-a-can-pou-2n\/","title":{"rendered":"SORTIDA A CAN POU 2n"},"content":{"rendered":"<p style=\"text-align: center;\"><a href=\"https:\/\/agora.xtec.cat\/ceipgranullarius\/wp-content\/uploads\/usu769\/2021\/11\/2.-PORTADA-1-1.jpg\"><img loading=\"lazy\" decoding=\"async\" class=\"aligncenter size-medium wp-image-2555\" src=\"https:\/\/agora.xtec.cat\/ceipgranullarius\/wp-content\/uploads\/usu769\/2021\/11\/2.-PORTADA-1-1-225x300.jpg\" alt=\"\" width=\"225\" height=\"300\" srcset=\"https:\/\/agora.xtec.cat\/ceipgranullarius\/wp-content\/uploads\/usu769\/2021\/11\/2.-PORTADA-1-1-225x300.jpg 225w, https:\/\/agora.xtec.cat\/ceipgranullarius\/wp-content\/uploads\/usu769\/2021\/11\/2.-PORTADA-1-1.jpg 558w\" sizes=\"auto, (max-width: 225px) 100vw, 225px\" \/><\/a><\/p>\n<p><span style=\"font-weight: 400;\">El passat dimarts dia 9 les nenes i els nens de 2n vam anar a Can Pou, a Sant Antoni de Vilamajor. Ens ho vam passar molt b\u00e9. Vam anar a buscar bolets, llavors vam mirar en llibres i fitxes els bolets que vam trobar. Despr\u00e9s de dinar ens va agradar fer un bolet amb fang. Tamb\u00e9 a la casa hi havia molts animals que ens van encantar.<\/span><\/p>\n<p><span style=\"font-weight: 400;\">Fins i tot vam tenir temps per jugar!!<\/span><\/p>\n<p><a href=\"https:\/\/photos.app.goo.gl\/MLtnbJrknPBKHVfK7\">\u00c0lbum de fotos.<\/a><\/p>\n","protected":false},"excerpt":{"rendered":"<p><a href=\"https:\/\/agora.xtec.cat\/ceipgranullarius\/wp-content\/uploads\/usu769\/2021\/11\/2.-PORTADA-1-1.jpg\"><\/a><br \/>\nEl passat dimarts dia 9 les nenes i els nens de 2n vam anar a Can Pou, a Sant Antoni de Vilamajor. Ens ho vam passar molt b\u00e9. Vam anar a buscar bolets, llavors vam mirar en llibres i fitxes els bolets que vam&hellip;  <a href=\"https:\/\/agora.xtec.cat\/ceipgranullarius\/portada\/sortida-a-can-pou-2n\/\" title=\"Read SORTIDA A CAN POU 2n\">Llegeix m\u00e9s\u00bb<\/a><\/p>\n","protected":false},"author":1,"featured_media":1151,"comment_status":"closed","ping_status":"closed","sticky":false,"template":"","format":"standard","meta":{"_bbp_topic_count":0,"_bbp_reply_count":0,"_bbp_total_topic_count":0,"_bbp_total_reply_count":0,"_bbp_voice_count":0,"_bbp_anonymous_reply_count":0,"_bbp_topic_count_hidden":0,"_bbp_reply_count_hidden":0,"_bbp_forum_subforum_count":0,"footnotes":""},"categories":[11,4],"tags":[],"class_list":["post-2554","post","type-post","status-publish","format-standard","has-post-thumbnail","hentry","category-2n","category-portada"],"post_mailing_queue_ids":[],"_links":{"self":[{"href":"https:\/\/agora.xtec.cat\/ceipgranullarius\/wp-json\/wp\/v2\/posts\/2554","targetHints":{"allow":["GET"]}}],"collection":[{"href":"https:\/\/agora.xtec.cat\/ceipgranullarius\/wp-json\/wp\/v2\/posts"}],"about":[{"href":"https:\/\/agora.xtec.cat\/ceipgranullarius\/wp-json\/wp\/v2\/types\/post"}],"author":[{"embeddable":true,"href":"https:\/\/agora.xtec.cat\/ceipgranullarius\/wp-json\/wp\/v2\/users\/1"}],"replies":[{"embeddable":true,"href":"https:\/\/agora.xtec.cat\/ceipgranullarius\/wp-json\/wp\/v2\/comments?post=2554"}],"version-history":[{"count":1,"href":"https:\/\/agora.xtec.cat\/ceipgranullarius\/wp-json\/wp\/v2\/posts\/2554\/revisions"}],"predecessor-version":[{"id":2556,"href":"https:\/\/agora.xtec.cat\/ceipgranullarius\/wp-json\/wp\/v2\/posts\/2554\/revisions\/2556"}],"wp:featuredmedia":[{"embeddable":true,"href":"https:\/\/agora.xtec.cat\/ceipgranullarius\/wp-json\/wp\/v2\/media\/1151"}],"wp:attachment":[{"href":"https:\/\/agora.xtec.cat\/ceipgranullarius\/wp-json\/wp\/v2\/media?parent=2554"}],"wp:term":[{"taxonomy":"category","embeddable":true,"href":"https:\/\/agora.xtec.cat\/ceipgranullarius\/wp-json\/wp\/v2\/categories?post=2554"},{"taxonomy":"post_tag","embeddable":true,"href":"https:\/\/agora.xtec.cat\/ceipgranullarius\/wp-json\/wp\/v2\/tags?post=2554"}],"curies":[{"name":"wp","href":"https:\/\/api.w.org\/{rel}","templated":true}]}}