{"id":2537,"date":"2021-11-09T11:02:54","date_gmt":"2021-11-09T10:02:54","guid":{"rendered":"https:\/\/agora.xtec.cat\/ceipgranullarius\/?p=2537"},"modified":"2021-11-09T11:02:54","modified_gmt":"2021-11-09T10:02:54","slug":"celebrant-la-castanyada-i-halloween-cs","status":"publish","type":"post","link":"https:\/\/agora.xtec.cat\/ceipgranullarius\/portada\/celebrant-la-castanyada-i-halloween-cs\/","title":{"rendered":"CELEBRANT LA CASTANYADA I HALLOWEEN CS"},"content":{"rendered":"<p style=\"text-align: center;\"><a href=\"https:\/\/agora.xtec.cat\/ceipgranullarius\/wp-content\/uploads\/usu769\/2021\/11\/1.-PORTADA-3-scaled.jpg\"><img loading=\"lazy\" decoding=\"async\" class=\"aligncenter size-medium wp-image-2538\" src=\"https:\/\/agora.xtec.cat\/ceipgranullarius\/wp-content\/uploads\/usu769\/2021\/11\/1.-PORTADA-3-300x166.jpg\" alt=\"\" width=\"300\" height=\"166\" srcset=\"https:\/\/agora.xtec.cat\/ceipgranullarius\/wp-content\/uploads\/usu769\/2021\/11\/1.-PORTADA-3-300x166.jpg 300w, https:\/\/agora.xtec.cat\/ceipgranullarius\/wp-content\/uploads\/usu769\/2021\/11\/1.-PORTADA-3-1024x568.jpg 1024w, https:\/\/agora.xtec.cat\/ceipgranullarius\/wp-content\/uploads\/usu769\/2021\/11\/1.-PORTADA-3-768x426.jpg 768w, https:\/\/agora.xtec.cat\/ceipgranullarius\/wp-content\/uploads\/usu769\/2021\/11\/1.-PORTADA-3-1536x852.jpg 1536w, https:\/\/agora.xtec.cat\/ceipgranullarius\/wp-content\/uploads\/usu769\/2021\/11\/1.-PORTADA-3-2048x1136.jpg 2048w\" sizes=\"auto, (max-width: 300px) 100vw, 300px\" \/><\/a><\/p>\n<p><span style=\"font-weight: 400;\">L\u2019alumnat de 5\u00e8 i 6\u00e8 vam celebrar la Castanyada i Halloween\u00a0 fent can\u00e7ons i balls. Mireu que b\u00e9 que ho van fer!! Felicitats!<\/span><\/p>\n<p><b>Cinqu\u00e8<\/b><\/p>\n<p><span style=\"font-weight: 400;\">Spooky Spooky (English)<\/span><\/p>\n<p><span style=\"font-weight: 400;\">Can\u00e7\u00f3 comuna: Olor a tardor &#8211; Beth Riera i Pep Puigdemont<\/span><\/p>\n<p><span style=\"font-weight: 400;\">Danses:<\/span><\/p>\n<p><span style=\"font-weight: 400;\">5\u00e8A: Marrameu Torra Castanyes Reggae Per Xics.<\/span><\/p>\n<p><span style=\"font-weight: 400;\">5\u00e8B: El rap de la castanya<\/span><\/p>\n<p><b>Sis\u00e8<\/b><\/p>\n<p><span style=\"font-weight: 400;\">Can\u00e7\u00f3 comuna: Can\u00e7\u00f3 de tardor &#8211; Toni Xucl\u00e0 i Juanjo 15:50h<\/span><\/p>\n<p><span style=\"font-weight: 400;\">Mu\u00f1oz<\/span><\/p>\n<p><span style=\"font-weight: 400;\">Danses:<\/span><\/p>\n<p><span style=\"font-weight: 400;\">6\u00e8A: La castanyera Reggae Canta i balla<\/span><\/p>\n<p><span style=\"font-weight: 400;\">6\u00e8B: La castanyada d\u2019en Rikus Rikus animaci\u00f3<\/span><\/p>\n<p><span style=\"font-weight: 400;\">6\u00e8C: La Castanyada (Marrameu I Castanyera) Katumpa<\/span><\/p>\n<p><a href=\"https:\/\/photos.app.goo.gl\/Vz6xjppRyWwz1G4j9\">\u00c0lbum de fotos i v\u00eddeos.<\/a><\/p>\n","protected":false},"excerpt":{"rendered":"<p><a href=\"https:\/\/agora.xtec.cat\/ceipgranullarius\/wp-content\/uploads\/usu769\/2021\/11\/1.-PORTADA-3-scaled.jpg\"><\/a><br \/>\nL\u2019alumnat de 5\u00e8 i 6\u00e8 vam celebrar la Castanyada i Halloween\u00a0 fent can\u00e7ons i balls. Mireu que b\u00e9 que ho van fer!! Felicitats!<br \/>\nCinqu\u00e8<br \/>\nSpooky Spooky (English)<br \/>\nCan\u00e7\u00f3 comuna: Olor a tardor &#8211; Beth Riera i Pep Puigdemont<br \/>\nDanses:<br \/>\n5\u00e8A: Marrameu Torra Castanyes Reggae Per Xics.<br \/>\n5\u00e8B: El rap de&hellip;  <a href=\"https:\/\/agora.xtec.cat\/ceipgranullarius\/portada\/celebrant-la-castanyada-i-halloween-cs\/\" title=\"Read CELEBRANT LA CASTANYADA I HALLOWEEN CS\">Llegeix m\u00e9s\u00bb<\/a><\/p>\n","protected":false},"author":1,"featured_media":1151,"comment_status":"closed","ping_status":"closed","sticky":false,"template":"","format":"standard","meta":{"_bbp_topic_count":0,"_bbp_reply_count":0,"_bbp_total_topic_count":0,"_bbp_total_reply_count":0,"_bbp_voice_count":0,"_bbp_anonymous_reply_count":0,"_bbp_topic_count_hidden":0,"_bbp_reply_count_hidden":0,"_bbp_forum_subforum_count":0,"footnotes":""},"categories":[14,15,46,4],"tags":[],"class_list":["post-2537","post","type-post","status-publish","format-standard","has-post-thumbnail","hentry","category-5e","category-6e","category-som-escola-gep","category-portada"],"post_mailing_queue_ids":[],"_links":{"self":[{"href":"https:\/\/agora.xtec.cat\/ceipgranullarius\/wp-json\/wp\/v2\/posts\/2537","targetHints":{"allow":["GET"]}}],"collection":[{"href":"https:\/\/agora.xtec.cat\/ceipgranullarius\/wp-json\/wp\/v2\/posts"}],"about":[{"href":"https:\/\/agora.xtec.cat\/ceipgranullarius\/wp-json\/wp\/v2\/types\/post"}],"author":[{"embeddable":true,"href":"https:\/\/agora.xtec.cat\/ceipgranullarius\/wp-json\/wp\/v2\/users\/1"}],"replies":[{"embeddable":true,"href":"https:\/\/agora.xtec.cat\/ceipgranullarius\/wp-json\/wp\/v2\/comments?post=2537"}],"version-history":[{"count":1,"href":"https:\/\/agora.xtec.cat\/ceipgranullarius\/wp-json\/wp\/v2\/posts\/2537\/revisions"}],"predecessor-version":[{"id":2539,"href":"https:\/\/agora.xtec.cat\/ceipgranullarius\/wp-json\/wp\/v2\/posts\/2537\/revisions\/2539"}],"wp:featuredmedia":[{"embeddable":true,"href":"https:\/\/agora.xtec.cat\/ceipgranullarius\/wp-json\/wp\/v2\/media\/1151"}],"wp:attachment":[{"href":"https:\/\/agora.xtec.cat\/ceipgranullarius\/wp-json\/wp\/v2\/media?parent=2537"}],"wp:term":[{"taxonomy":"category","embeddable":true,"href":"https:\/\/agora.xtec.cat\/ceipgranullarius\/wp-json\/wp\/v2\/categories?post=2537"},{"taxonomy":"post_tag","embeddable":true,"href":"https:\/\/agora.xtec.cat\/ceipgranullarius\/wp-json\/wp\/v2\/tags?post=2537"}],"curies":[{"name":"wp","href":"https:\/\/api.w.org\/{rel}","templated":true}]}}