{"id":2521,"date":"2021-11-02T13:27:24","date_gmt":"2021-11-02T12:27:24","guid":{"rendered":"https:\/\/agora.xtec.cat\/ceipgranullarius\/?p=2521"},"modified":"2021-11-02T13:27:24","modified_gmt":"2021-11-02T12:27:24","slug":"castanyada-21-22","status":"publish","type":"post","link":"https:\/\/agora.xtec.cat\/ceipgranullarius\/portada\/castanyada-21-22\/","title":{"rendered":"CASTANYADA 21-22"},"content":{"rendered":"<p style=\"text-align: center;\"><a href=\"https:\/\/agora.xtec.cat\/ceipgranullarius\/wp-content\/uploads\/usu769\/2021\/11\/1.PORTADA-scaled.jpg\"><img loading=\"lazy\" decoding=\"async\" class=\"aligncenter size-medium wp-image-2522\" src=\"https:\/\/agora.xtec.cat\/ceipgranullarius\/wp-content\/uploads\/usu769\/2021\/11\/1.PORTADA-300x225.jpg\" alt=\"\" width=\"300\" height=\"225\" srcset=\"https:\/\/agora.xtec.cat\/ceipgranullarius\/wp-content\/uploads\/usu769\/2021\/11\/1.PORTADA-300x225.jpg 300w, https:\/\/agora.xtec.cat\/ceipgranullarius\/wp-content\/uploads\/usu769\/2021\/11\/1.PORTADA-1024x768.jpg 1024w, https:\/\/agora.xtec.cat\/ceipgranullarius\/wp-content\/uploads\/usu769\/2021\/11\/1.PORTADA-768x576.jpg 768w, https:\/\/agora.xtec.cat\/ceipgranullarius\/wp-content\/uploads\/usu769\/2021\/11\/1.PORTADA-1536x1152.jpg 1536w, https:\/\/agora.xtec.cat\/ceipgranullarius\/wp-content\/uploads\/usu769\/2021\/11\/1.PORTADA-2048x1536.jpg 2048w, https:\/\/agora.xtec.cat\/ceipgranullarius\/wp-content\/uploads\/usu769\/2021\/11\/1.PORTADA-200x150.jpg 200w\" sizes=\"auto, (max-width: 300px) 100vw, 300px\" \/><\/a><\/p>\n<p><span style=\"font-weight: 400;\">Els nens i les nenes de cicle inicial i cicle mitj\u00e0 van cantar can\u00e7ons de la Castanyada i Halloween. Ho van fer molt b\u00e9! Felicitats a tots i a totes!<\/span><\/p>\n<p><b>PRIMER<\/b><\/p>\n<p><b>Halloween stomp <\/b><span style=\"font-weight: 400;\">(angl\u00e8s)<\/span><\/p>\n<p><span style=\"font-weight: 400;\">A la tardor &#8211; Pot Petit (catal\u00e0)<\/span><\/p>\n<p><span style=\"font-weight: 400;\">Poema <\/span><span style=\"font-weight: 400;\">\u201cLa tardor\u201d<\/span><\/p>\n<p><b>SEGON<\/b><\/p>\n<p><span style=\"font-weight: 400;\">La tardoreta Popular (catal\u00e0)<\/span><\/p>\n<p><b>TERCER<\/b><\/p>\n<p><span style=\"font-weight: 400;\">Knock knock, trick or treat (angl\u00e8s)<\/span><\/p>\n<p><span style=\"font-weight: 400;\">La castanyera rockera (catal\u00e0)<\/span><\/p>\n<p><b>QUART<\/b><\/p>\n<p><span style=\"font-weight: 400;\">It\u2019s Halloween night (angl\u00e8s)<\/span><\/p>\n<p><span style=\"font-weight: 400;\">Panellets i castanyes (can\u00e7\u00f3-recepta) Ambauka (catal\u00e0)<\/span><\/p>\n<p><a href=\"https:\/\/photos.app.goo.gl\/7c7YGz22pNxJcsru9\">\u00c0lbum de v\u00eddeos.<\/a><\/p>\n","protected":false},"excerpt":{"rendered":"<p><a href=\"https:\/\/agora.xtec.cat\/ceipgranullarius\/wp-content\/uploads\/usu769\/2021\/11\/1.PORTADA-scaled.jpg\"><\/a><br \/>\nEls nens i les nenes de cicle inicial i cicle mitj\u00e0 van cantar can\u00e7ons de la Castanyada i Halloween. Ho van fer molt b\u00e9! Felicitats a tots i a totes!<br \/>\nPRIMER<br \/>\nHalloween stomp (angl\u00e8s)<br \/>\nA la tardor &#8211; Pot Petit (catal\u00e0)<br \/>\nPoema \u201cLa tardor\u201d<br \/>\nSEGON<br \/>\nLa tardoreta Popular (catal\u00e0)<br \/>\nTERCER<br \/>\nKnock knock,&hellip;  <a href=\"https:\/\/agora.xtec.cat\/ceipgranullarius\/portada\/castanyada-21-22\/\" title=\"Read CASTANYADA 21-22\">Llegeix m\u00e9s\u00bb<\/a><\/p>\n","protected":false},"author":1,"featured_media":1151,"comment_status":"closed","ping_status":"closed","sticky":false,"template":"","format":"standard","meta":{"_bbp_topic_count":0,"_bbp_reply_count":0,"_bbp_total_topic_count":0,"_bbp_total_reply_count":0,"_bbp_voice_count":0,"_bbp_anonymous_reply_count":0,"_bbp_topic_count_hidden":0,"_bbp_reply_count_hidden":0,"_bbp_forum_subforum_count":0,"footnotes":""},"categories":[10,11,12,13,46,4],"tags":[],"class_list":["post-2521","post","type-post","status-publish","format-standard","has-post-thumbnail","hentry","category-1r","category-2n","category-3r","category-4t","category-som-escola-gep","category-portada"],"post_mailing_queue_ids":[],"_links":{"self":[{"href":"https:\/\/agora.xtec.cat\/ceipgranullarius\/wp-json\/wp\/v2\/posts\/2521","targetHints":{"allow":["GET"]}}],"collection":[{"href":"https:\/\/agora.xtec.cat\/ceipgranullarius\/wp-json\/wp\/v2\/posts"}],"about":[{"href":"https:\/\/agora.xtec.cat\/ceipgranullarius\/wp-json\/wp\/v2\/types\/post"}],"author":[{"embeddable":true,"href":"https:\/\/agora.xtec.cat\/ceipgranullarius\/wp-json\/wp\/v2\/users\/1"}],"replies":[{"embeddable":true,"href":"https:\/\/agora.xtec.cat\/ceipgranullarius\/wp-json\/wp\/v2\/comments?post=2521"}],"version-history":[{"count":1,"href":"https:\/\/agora.xtec.cat\/ceipgranullarius\/wp-json\/wp\/v2\/posts\/2521\/revisions"}],"predecessor-version":[{"id":2523,"href":"https:\/\/agora.xtec.cat\/ceipgranullarius\/wp-json\/wp\/v2\/posts\/2521\/revisions\/2523"}],"wp:featuredmedia":[{"embeddable":true,"href":"https:\/\/agora.xtec.cat\/ceipgranullarius\/wp-json\/wp\/v2\/media\/1151"}],"wp:attachment":[{"href":"https:\/\/agora.xtec.cat\/ceipgranullarius\/wp-json\/wp\/v2\/media?parent=2521"}],"wp:term":[{"taxonomy":"category","embeddable":true,"href":"https:\/\/agora.xtec.cat\/ceipgranullarius\/wp-json\/wp\/v2\/categories?post=2521"},{"taxonomy":"post_tag","embeddable":true,"href":"https:\/\/agora.xtec.cat\/ceipgranullarius\/wp-json\/wp\/v2\/tags?post=2521"}],"curies":[{"name":"wp","href":"https:\/\/api.w.org\/{rel}","templated":true}]}}