{"id":2496,"date":"2021-11-02T11:00:33","date_gmt":"2021-11-02T10:00:33","guid":{"rendered":"https:\/\/agora.xtec.cat\/ceipgranullarius\/?p=2496"},"modified":"2021-11-02T11:00:33","modified_gmt":"2021-11-02T10:00:33","slug":"fem-racons-de-matematiques-3r","status":"publish","type":"post","link":"https:\/\/agora.xtec.cat\/ceipgranullarius\/portada\/fem-racons-de-matematiques-3r\/","title":{"rendered":"FEM RACONS DE MATEM\u00c0TIQUES 3r!"},"content":{"rendered":"<p style=\"text-align: center;\"><a href=\"https:\/\/agora.xtec.cat\/ceipgranullarius\/wp-content\/uploads\/usu769\/2021\/11\/2.-Portada-Racons.jpg\"><img loading=\"lazy\" decoding=\"async\" class=\"aligncenter size-medium wp-image-2497\" src=\"https:\/\/agora.xtec.cat\/ceipgranullarius\/wp-content\/uploads\/usu769\/2021\/11\/2.-Portada-Racons-300x184.jpg\" alt=\"\" width=\"300\" height=\"184\" srcset=\"https:\/\/agora.xtec.cat\/ceipgranullarius\/wp-content\/uploads\/usu769\/2021\/11\/2.-Portada-Racons-300x184.jpg 300w, https:\/\/agora.xtec.cat\/ceipgranullarius\/wp-content\/uploads\/usu769\/2021\/11\/2.-Portada-Racons-1024x628.jpg 1024w, https:\/\/agora.xtec.cat\/ceipgranullarius\/wp-content\/uploads\/usu769\/2021\/11\/2.-Portada-Racons-768x471.jpg 768w, https:\/\/agora.xtec.cat\/ceipgranullarius\/wp-content\/uploads\/usu769\/2021\/11\/2.-Portada-Racons.jpg 1418w\" sizes=\"auto, (max-width: 300px) 100vw, 300px\" \/><\/a><\/p>\n<p><span style=\"font-weight: 400;\">Un cop a la setmana fem racons de matem\u00e0tiques per tal de treballar de manera manipulativa, en equip i m\u00e9s divertida la teoria que estem aprenent a les hores de matem\u00e0tiques. Ara mateix tenim quatre espais: un per treballar les hores (rellotges personals i joc de targetes), un per agilitzar el c\u00e0lcul mental (d\u00f2mino de sumes), un per practicar les taules de multiplicar (reglets i oca amb multiplicacions) i un per treballar la mesura (regle, cinta m\u00e8trica i fitxa amb diferents propostes). Ens ho passem molt b\u00e9 mentre aprenem!<\/span><\/p>\n<p><a href=\"https:\/\/photos.app.goo.gl\/riQDnNLgfGE5fBdX6\">\u00c0lbum de fotos.<\/a><\/p>\n","protected":false},"excerpt":{"rendered":"<p><a href=\"https:\/\/agora.xtec.cat\/ceipgranullarius\/wp-content\/uploads\/usu769\/2021\/11\/2.-Portada-Racons.jpg\"><\/a><br \/>\nUn cop a la setmana fem racons de matem\u00e0tiques per tal de treballar de manera manipulativa, en equip i m\u00e9s divertida la teoria que estem aprenent a les hores de matem\u00e0tiques. Ara mateix tenim quatre espais: un per treballar les hores (rellotges personals i&hellip;  <a href=\"https:\/\/agora.xtec.cat\/ceipgranullarius\/portada\/fem-racons-de-matematiques-3r\/\" title=\"Read FEM RACONS DE MATEM\u00c0TIQUES 3r!\">Llegeix m\u00e9s\u00bb<\/a><\/p>\n","protected":false},"author":1,"featured_media":1151,"comment_status":"closed","ping_status":"closed","sticky":false,"template":"","format":"standard","meta":{"_bbp_topic_count":0,"_bbp_reply_count":0,"_bbp_total_topic_count":0,"_bbp_total_reply_count":0,"_bbp_voice_count":0,"_bbp_anonymous_reply_count":0,"_bbp_topic_count_hidden":0,"_bbp_reply_count_hidden":0,"_bbp_forum_subforum_count":0,"footnotes":""},"categories":[12,4],"tags":[],"class_list":["post-2496","post","type-post","status-publish","format-standard","has-post-thumbnail","hentry","category-3r","category-portada"],"post_mailing_queue_ids":[],"_links":{"self":[{"href":"https:\/\/agora.xtec.cat\/ceipgranullarius\/wp-json\/wp\/v2\/posts\/2496","targetHints":{"allow":["GET"]}}],"collection":[{"href":"https:\/\/agora.xtec.cat\/ceipgranullarius\/wp-json\/wp\/v2\/posts"}],"about":[{"href":"https:\/\/agora.xtec.cat\/ceipgranullarius\/wp-json\/wp\/v2\/types\/post"}],"author":[{"embeddable":true,"href":"https:\/\/agora.xtec.cat\/ceipgranullarius\/wp-json\/wp\/v2\/users\/1"}],"replies":[{"embeddable":true,"href":"https:\/\/agora.xtec.cat\/ceipgranullarius\/wp-json\/wp\/v2\/comments?post=2496"}],"version-history":[{"count":1,"href":"https:\/\/agora.xtec.cat\/ceipgranullarius\/wp-json\/wp\/v2\/posts\/2496\/revisions"}],"predecessor-version":[{"id":2498,"href":"https:\/\/agora.xtec.cat\/ceipgranullarius\/wp-json\/wp\/v2\/posts\/2496\/revisions\/2498"}],"wp:featuredmedia":[{"embeddable":true,"href":"https:\/\/agora.xtec.cat\/ceipgranullarius\/wp-json\/wp\/v2\/media\/1151"}],"wp:attachment":[{"href":"https:\/\/agora.xtec.cat\/ceipgranullarius\/wp-json\/wp\/v2\/media?parent=2496"}],"wp:term":[{"taxonomy":"category","embeddable":true,"href":"https:\/\/agora.xtec.cat\/ceipgranullarius\/wp-json\/wp\/v2\/categories?post=2496"},{"taxonomy":"post_tag","embeddable":true,"href":"https:\/\/agora.xtec.cat\/ceipgranullarius\/wp-json\/wp\/v2\/tags?post=2496"}],"curies":[{"name":"wp","href":"https:\/\/api.w.org\/{rel}","templated":true}]}}