{"id":2490,"date":"2021-10-28T12:22:23","date_gmt":"2021-10-28T10:22:23","guid":{"rendered":"https:\/\/agora.xtec.cat\/ceipgranullarius\/?p=2490"},"modified":"2021-10-28T12:22:23","modified_gmt":"2021-10-28T10:22:23","slug":"sortida-parc-daventures-1r","status":"publish","type":"post","link":"https:\/\/agora.xtec.cat\/ceipgranullarius\/portada\/sortida-parc-daventures-1r\/","title":{"rendered":"SORTIDA PARC D\u2019AVENTURES 1r"},"content":{"rendered":"<p style=\"text-align: center;\"><a href=\"https:\/\/agora.xtec.cat\/ceipgranullarius\/wp-content\/uploads\/usu769\/2021\/10\/Portada-2.jpg\"><img loading=\"lazy\" decoding=\"async\" class=\"aligncenter size-medium wp-image-2491\" src=\"https:\/\/agora.xtec.cat\/ceipgranullarius\/wp-content\/uploads\/usu769\/2021\/10\/Portada-2-300x150.jpg\" alt=\"\" width=\"300\" height=\"150\" srcset=\"https:\/\/agora.xtec.cat\/ceipgranullarius\/wp-content\/uploads\/usu769\/2021\/10\/Portada-2-300x150.jpg 300w, https:\/\/agora.xtec.cat\/ceipgranullarius\/wp-content\/uploads\/usu769\/2021\/10\/Portada-2-1024x511.jpg 1024w, https:\/\/agora.xtec.cat\/ceipgranullarius\/wp-content\/uploads\/usu769\/2021\/10\/Portada-2-768x383.jpg 768w, https:\/\/agora.xtec.cat\/ceipgranullarius\/wp-content\/uploads\/usu769\/2021\/10\/Portada-2.jpg 1337w\" sizes=\"auto, (max-width: 300px) 100vw, 300px\" \/><\/a><\/p>\n<p><span style=\"font-weight: 400;\">El divendres 22 d\u2019octubre els nens i nenes de primer vam anar al Parc d\u2019aventures Aira Natura de Sant Antoni de Vilamajor. Vam fer moltes activitats a l\u2019aire lliure: jocs en grup, roc\u00f2drom i un circuit d\u2019al\u00e7ada, on acab\u00e0vem llen\u00e7ant-nos per una tirolina. Tamb\u00e9 vam veure ponis i cavalls.<\/span><\/p>\n<p><span style=\"font-weight: 400;\">Va ser un dia carregat d\u2019emocions i molt aventurer!!!<\/span><\/p>\n<p><span style=\"font-weight: 400;\">Us deixem un reportatge fotogr\u00e0fic perqu\u00e8 ho pugueu veure vosaltres mateixos!<\/span><\/p>\n<p><a href=\"https:\/\/photos.app.goo.gl\/RocnSMWty1AYbVpj8\">\u00c0lbum de fotos.<\/a><\/p>\n","protected":false},"excerpt":{"rendered":"<p><a href=\"https:\/\/agora.xtec.cat\/ceipgranullarius\/wp-content\/uploads\/usu769\/2021\/10\/Portada-2.jpg\"><\/a><br \/>\nEl divendres 22 d\u2019octubre els nens i nenes de primer vam anar al Parc d\u2019aventures Aira Natura de Sant Antoni de Vilamajor. Vam fer moltes activitats a l\u2019aire lliure: jocs en grup, roc\u00f2drom i un circuit d\u2019al\u00e7ada, on acab\u00e0vem llen\u00e7ant-nos per una tirolina. Tamb\u00e9&hellip;  <a href=\"https:\/\/agora.xtec.cat\/ceipgranullarius\/portada\/sortida-parc-daventures-1r\/\" title=\"Read SORTIDA PARC D\u2019AVENTURES 1r\">Llegeix m\u00e9s\u00bb<\/a><\/p>\n","protected":false},"author":1,"featured_media":1151,"comment_status":"closed","ping_status":"closed","sticky":false,"template":"","format":"standard","meta":{"_bbp_topic_count":0,"_bbp_reply_count":0,"_bbp_total_topic_count":0,"_bbp_total_reply_count":0,"_bbp_voice_count":0,"_bbp_anonymous_reply_count":0,"_bbp_topic_count_hidden":0,"_bbp_reply_count_hidden":0,"_bbp_forum_subforum_count":0,"footnotes":""},"categories":[10,4],"tags":[],"class_list":["post-2490","post","type-post","status-publish","format-standard","has-post-thumbnail","hentry","category-1r","category-portada"],"post_mailing_queue_ids":[],"_links":{"self":[{"href":"https:\/\/agora.xtec.cat\/ceipgranullarius\/wp-json\/wp\/v2\/posts\/2490","targetHints":{"allow":["GET"]}}],"collection":[{"href":"https:\/\/agora.xtec.cat\/ceipgranullarius\/wp-json\/wp\/v2\/posts"}],"about":[{"href":"https:\/\/agora.xtec.cat\/ceipgranullarius\/wp-json\/wp\/v2\/types\/post"}],"author":[{"embeddable":true,"href":"https:\/\/agora.xtec.cat\/ceipgranullarius\/wp-json\/wp\/v2\/users\/1"}],"replies":[{"embeddable":true,"href":"https:\/\/agora.xtec.cat\/ceipgranullarius\/wp-json\/wp\/v2\/comments?post=2490"}],"version-history":[{"count":1,"href":"https:\/\/agora.xtec.cat\/ceipgranullarius\/wp-json\/wp\/v2\/posts\/2490\/revisions"}],"predecessor-version":[{"id":2492,"href":"https:\/\/agora.xtec.cat\/ceipgranullarius\/wp-json\/wp\/v2\/posts\/2490\/revisions\/2492"}],"wp:featuredmedia":[{"embeddable":true,"href":"https:\/\/agora.xtec.cat\/ceipgranullarius\/wp-json\/wp\/v2\/media\/1151"}],"wp:attachment":[{"href":"https:\/\/agora.xtec.cat\/ceipgranullarius\/wp-json\/wp\/v2\/media?parent=2490"}],"wp:term":[{"taxonomy":"category","embeddable":true,"href":"https:\/\/agora.xtec.cat\/ceipgranullarius\/wp-json\/wp\/v2\/categories?post=2490"},{"taxonomy":"post_tag","embeddable":true,"href":"https:\/\/agora.xtec.cat\/ceipgranullarius\/wp-json\/wp\/v2\/tags?post=2490"}],"curies":[{"name":"wp","href":"https:\/\/api.w.org\/{rel}","templated":true}]}}