{"id":2472,"date":"2021-10-26T10:53:33","date_gmt":"2021-10-26T08:53:33","guid":{"rendered":"https:\/\/agora.xtec.cat\/ceipgranullarius\/?p=2472"},"modified":"2021-10-26T10:53:33","modified_gmt":"2021-10-26T08:53:33","slug":"el-cargol-i-lherba-de-poniol-p3","status":"publish","type":"post","link":"https:\/\/agora.xtec.cat\/ceipgranullarius\/educacio-infantil\/el-cargol-i-lherba-de-poniol-p3\/","title":{"rendered":"EL CARGOL I L\u2019HERBA DE PONIOL P3"},"content":{"rendered":"<p style=\"text-align: center;\"><a href=\"https:\/\/agora.xtec.cat\/ceipgranullarius\/wp-content\/uploads\/usu769\/2021\/10\/1.PORTADA-rotated.jpg\"><img loading=\"lazy\" decoding=\"async\" class=\"aligncenter size-medium wp-image-2473\" src=\"https:\/\/agora.xtec.cat\/ceipgranullarius\/wp-content\/uploads\/usu769\/2021\/10\/1.PORTADA-225x300.jpg\" alt=\"\" width=\"225\" height=\"300\" srcset=\"https:\/\/agora.xtec.cat\/ceipgranullarius\/wp-content\/uploads\/usu769\/2021\/10\/1.PORTADA-225x300.jpg 225w, https:\/\/agora.xtec.cat\/ceipgranullarius\/wp-content\/uploads\/usu769\/2021\/10\/1.PORTADA-768x1024.jpg 768w, https:\/\/agora.xtec.cat\/ceipgranullarius\/wp-content\/uploads\/usu769\/2021\/10\/1.PORTADA-1152x1536.jpg 1152w, https:\/\/agora.xtec.cat\/ceipgranullarius\/wp-content\/uploads\/usu769\/2021\/10\/1.PORTADA-rotated.jpg 1512w\" sizes=\"auto, (max-width: 225px) 100vw, 225px\" \/><\/a><\/p>\n<p><span style=\"font-weight: 400;\">Avui ha sigut un bonic dia.\u00a0<\/span><\/p>\n<p><span style=\"font-weight: 400;\">Ens ha vingut a veure un cargol i l\u2019hem pogut observat amb les lupes. Es veia tot super gran!<\/span><\/p>\n<p><span style=\"font-weight: 400;\">A continuaci\u00f3 la nostra mestra ens ha explicat el conte del cargol i l\u2019herba de Poniol. Despr\u00e9s, nosaltres, hem fet com en el conte i hem intentat ajudar al cargol tot cantant la can\u00e7\u00f3: \u201cAjudem al cargol a arrencar l\u2019herba, a arrencar l\u2019herba\u2026\u201d.<\/span><\/p>\n<p><span style=\"font-weight: 400;\">Tamb\u00e9 hem pintat un cargol per fer una feina.<\/span><\/p>\n<p><span style=\"font-weight: 400;\">Mireu, mireu!!<\/span><\/p>\n<p><a href=\"https:\/\/photos.app.goo.gl\/adXzXvBaHzaGYkRk8\">\u00c0lbum de fotos.<\/a><\/p>\n","protected":false},"excerpt":{"rendered":"<p><a href=\"https:\/\/agora.xtec.cat\/ceipgranullarius\/wp-content\/uploads\/usu769\/2021\/10\/1.PORTADA-rotated.jpg\"><\/a><br \/>\nAvui ha sigut un bonic dia.\u00a0<br \/>\nEns ha vingut a veure un cargol i l\u2019hem pogut observat amb les lupes. Es veia tot super gran!<br \/>\nA continuaci\u00f3 la nostra mestra ens ha explicat el conte del cargol i l\u2019herba de Poniol. Despr\u00e9s, nosaltres, hem fet com&hellip;  <a href=\"https:\/\/agora.xtec.cat\/ceipgranullarius\/educacio-infantil\/el-cargol-i-lherba-de-poniol-p3\/\" title=\"Read EL CARGOL I L\u2019HERBA DE PONIOL P3\">Llegeix m\u00e9s\u00bb<\/a><\/p>\n","protected":false},"author":1,"featured_media":1151,"comment_status":"closed","ping_status":"closed","sticky":false,"template":"","format":"standard","meta":{"_bbp_topic_count":0,"_bbp_reply_count":0,"_bbp_total_topic_count":0,"_bbp_total_reply_count":0,"_bbp_voice_count":0,"_bbp_anonymous_reply_count":0,"_bbp_topic_count_hidden":0,"_bbp_reply_count_hidden":0,"_bbp_forum_subforum_count":0,"footnotes":""},"categories":[2,3,4],"tags":[],"class_list":["post-2472","post","type-post","status-publish","format-standard","has-post-thumbnail","hentry","category-educacio-infantil","category-i3","category-portada"],"post_mailing_queue_ids":[],"_links":{"self":[{"href":"https:\/\/agora.xtec.cat\/ceipgranullarius\/wp-json\/wp\/v2\/posts\/2472","targetHints":{"allow":["GET"]}}],"collection":[{"href":"https:\/\/agora.xtec.cat\/ceipgranullarius\/wp-json\/wp\/v2\/posts"}],"about":[{"href":"https:\/\/agora.xtec.cat\/ceipgranullarius\/wp-json\/wp\/v2\/types\/post"}],"author":[{"embeddable":true,"href":"https:\/\/agora.xtec.cat\/ceipgranullarius\/wp-json\/wp\/v2\/users\/1"}],"replies":[{"embeddable":true,"href":"https:\/\/agora.xtec.cat\/ceipgranullarius\/wp-json\/wp\/v2\/comments?post=2472"}],"version-history":[{"count":1,"href":"https:\/\/agora.xtec.cat\/ceipgranullarius\/wp-json\/wp\/v2\/posts\/2472\/revisions"}],"predecessor-version":[{"id":2474,"href":"https:\/\/agora.xtec.cat\/ceipgranullarius\/wp-json\/wp\/v2\/posts\/2472\/revisions\/2474"}],"wp:featuredmedia":[{"embeddable":true,"href":"https:\/\/agora.xtec.cat\/ceipgranullarius\/wp-json\/wp\/v2\/media\/1151"}],"wp:attachment":[{"href":"https:\/\/agora.xtec.cat\/ceipgranullarius\/wp-json\/wp\/v2\/media?parent=2472"}],"wp:term":[{"taxonomy":"category","embeddable":true,"href":"https:\/\/agora.xtec.cat\/ceipgranullarius\/wp-json\/wp\/v2\/categories?post=2472"},{"taxonomy":"post_tag","embeddable":true,"href":"https:\/\/agora.xtec.cat\/ceipgranullarius\/wp-json\/wp\/v2\/tags?post=2472"}],"curies":[{"name":"wp","href":"https:\/\/api.w.org\/{rel}","templated":true}]}}