{"id":2454,"date":"2021-10-19T11:46:54","date_gmt":"2021-10-19T09:46:54","guid":{"rendered":"https:\/\/agora.xtec.cat\/ceipgranullarius\/?p=2454"},"modified":"2021-10-19T11:47:27","modified_gmt":"2021-10-19T09:47:27","slug":"la-tardor-ja-ha-arribat-a-p3","status":"publish","type":"post","link":"https:\/\/agora.xtec.cat\/ceipgranullarius\/educacio-infantil\/la-tardor-ja-ha-arribat-a-p3\/","title":{"rendered":"LA TARDOR JA HA ARRIBAT A P3"},"content":{"rendered":"<p style=\"text-align: center;\"><a href=\"https:\/\/agora.xtec.cat\/ceipgranullarius\/wp-content\/uploads\/usu769\/2021\/10\/portada-600-x-399.jpg\"><img loading=\"lazy\" decoding=\"async\" class=\"aligncenter size-medium wp-image-2456\" src=\"https:\/\/agora.xtec.cat\/ceipgranullarius\/wp-content\/uploads\/usu769\/2021\/10\/portada-600-x-399-300x200.jpg\" alt=\"\" width=\"300\" height=\"200\" srcset=\"https:\/\/agora.xtec.cat\/ceipgranullarius\/wp-content\/uploads\/usu769\/2021\/10\/portada-600-x-399-300x200.jpg 300w, https:\/\/agora.xtec.cat\/ceipgranullarius\/wp-content\/uploads\/usu769\/2021\/10\/portada-600-x-399.jpg 600w\" sizes=\"auto, (max-width: 300px) 100vw, 300px\" \/><\/a><\/p>\n<p><span style=\"font-weight: 400;\">Els i les alumnes de P3 ja estem treballant la Tardor.<\/span><\/p>\n<p><span style=\"font-weight: 400;\">A les nostres classes, dels pollets i els aneguets, tenim preparat el rac\u00f3 de la Tardor.<\/span><\/p>\n<p><span style=\"font-weight: 400;\">All\u00e0 hi ha contes, pinyes, fulles dels colors de la tardor, magranes, carbasses i moltes coses m\u00e9s relacionades amb aquesta estaci\u00f3.<\/span><\/p>\n<p><span style=\"font-weight: 400;\">Mireu que b\u00e9 ens ho passem!!!<\/span><\/p>\n<p><a href=\"https:\/\/photos.app.goo.gl\/DVQfKiT8ZoTQGm4aA\">\u00c0lbum de fotos.<\/a><\/p>\n","protected":false},"excerpt":{"rendered":"<p><a href=\"https:\/\/agora.xtec.cat\/ceipgranullarius\/wp-content\/uploads\/usu769\/2021\/10\/portada-600-x-399.jpg\"><\/a><br \/>\nEls i les alumnes de P3 ja estem treballant la Tardor.<br \/>\nA les nostres classes, dels pollets i els aneguets, tenim preparat el rac\u00f3 de la Tardor.<br \/>\nAll\u00e0 hi ha contes, pinyes, fulles dels colors de la tardor, magranes, carbasses i moltes coses m\u00e9s relacionades amb&hellip;  <a href=\"https:\/\/agora.xtec.cat\/ceipgranullarius\/educacio-infantil\/la-tardor-ja-ha-arribat-a-p3\/\" title=\"Read LA TARDOR JA HA ARRIBAT A P3\">Llegeix m\u00e9s\u00bb<\/a><\/p>\n","protected":false},"author":1,"featured_media":1151,"comment_status":"closed","ping_status":"closed","sticky":false,"template":"","format":"standard","meta":{"_bbp_topic_count":0,"_bbp_reply_count":0,"_bbp_total_topic_count":0,"_bbp_total_reply_count":0,"_bbp_voice_count":0,"_bbp_anonymous_reply_count":0,"_bbp_topic_count_hidden":0,"_bbp_reply_count_hidden":0,"_bbp_forum_subforum_count":0,"footnotes":""},"categories":[2,3,4],"tags":[],"class_list":["post-2454","post","type-post","status-publish","format-standard","has-post-thumbnail","hentry","category-educacio-infantil","category-i3","category-portada"],"post_mailing_queue_ids":[],"_links":{"self":[{"href":"https:\/\/agora.xtec.cat\/ceipgranullarius\/wp-json\/wp\/v2\/posts\/2454","targetHints":{"allow":["GET"]}}],"collection":[{"href":"https:\/\/agora.xtec.cat\/ceipgranullarius\/wp-json\/wp\/v2\/posts"}],"about":[{"href":"https:\/\/agora.xtec.cat\/ceipgranullarius\/wp-json\/wp\/v2\/types\/post"}],"author":[{"embeddable":true,"href":"https:\/\/agora.xtec.cat\/ceipgranullarius\/wp-json\/wp\/v2\/users\/1"}],"replies":[{"embeddable":true,"href":"https:\/\/agora.xtec.cat\/ceipgranullarius\/wp-json\/wp\/v2\/comments?post=2454"}],"version-history":[{"count":2,"href":"https:\/\/agora.xtec.cat\/ceipgranullarius\/wp-json\/wp\/v2\/posts\/2454\/revisions"}],"predecessor-version":[{"id":2458,"href":"https:\/\/agora.xtec.cat\/ceipgranullarius\/wp-json\/wp\/v2\/posts\/2454\/revisions\/2458"}],"wp:featuredmedia":[{"embeddable":true,"href":"https:\/\/agora.xtec.cat\/ceipgranullarius\/wp-json\/wp\/v2\/media\/1151"}],"wp:attachment":[{"href":"https:\/\/agora.xtec.cat\/ceipgranullarius\/wp-json\/wp\/v2\/media?parent=2454"}],"wp:term":[{"taxonomy":"category","embeddable":true,"href":"https:\/\/agora.xtec.cat\/ceipgranullarius\/wp-json\/wp\/v2\/categories?post=2454"},{"taxonomy":"post_tag","embeddable":true,"href":"https:\/\/agora.xtec.cat\/ceipgranullarius\/wp-json\/wp\/v2\/tags?post=2454"}],"curies":[{"name":"wp","href":"https:\/\/api.w.org\/{rel}","templated":true}]}}