{"id":2444,"date":"2021-10-19T11:30:07","date_gmt":"2021-10-19T09:30:07","guid":{"rendered":"https:\/\/agora.xtec.cat\/ceipgranullarius\/?p=2444"},"modified":"2021-10-19T11:30:07","modified_gmt":"2021-10-19T09:30:07","slug":"adaptacio-a-p3","status":"publish","type":"post","link":"https:\/\/agora.xtec.cat\/ceipgranullarius\/educacio-infantil\/adaptacio-a-p3\/","title":{"rendered":"ADAPTACI\u00d3 A P3"},"content":{"rendered":"<p style=\"text-align: center;\"><a href=\"https:\/\/agora.xtec.cat\/ceipgranullarius\/wp-content\/uploads\/usu769\/2021\/10\/2.-PORTADA-1-600-x-450.jpg\"><img loading=\"lazy\" decoding=\"async\" class=\"aligncenter size-full wp-image-2445\" src=\"https:\/\/agora.xtec.cat\/ceipgranullarius\/wp-content\/uploads\/usu769\/2021\/10\/2.-PORTADA-1-600-x-450.jpg\" alt=\"\" width=\"600\" height=\"450\" srcset=\"https:\/\/agora.xtec.cat\/ceipgranullarius\/wp-content\/uploads\/usu769\/2021\/10\/2.-PORTADA-1-600-x-450.jpg 600w, https:\/\/agora.xtec.cat\/ceipgranullarius\/wp-content\/uploads\/usu769\/2021\/10\/2.-PORTADA-1-600-x-450-300x225.jpg 300w, https:\/\/agora.xtec.cat\/ceipgranullarius\/wp-content\/uploads\/usu769\/2021\/10\/2.-PORTADA-1-600-x-450-200x150.jpg 200w\" sizes=\"auto, (max-width: 600px) 100vw, 600px\" \/><\/a><\/p>\n<p><span style=\"font-weight: 400;\">LA PRIMERA SETMANA D\u2019ADAPTACI\u00d3 HA ESTAT MOLT INTENSA PERQU\u00c8 HEM EXPERIMENTAT DIFERENTS EMOCIONS. ALGUNS\/ES TEN\u00cdEM POR I HEM PLORAT UNA MICA PERQU\u00c8 VOL\u00cdEM MARXAR A CASA, D\u2019ALTRES HEM ESTAT M\u00c9S TRANQUIL\u00b7LETS\/ES , D\u2019ALTRES NO HEM PARLAT GAIRE, D\u2019ALTRES NO PAR\u00c0VEM DE XERRAR&#8230;&#8230;TOTS I TOTES HEM JUGAT MOLT, HEM CONEGUT ALS NOUS\/VES COMPANYS\/ES , A LES MESTRES, LA NOSTRA CLASSE, EL PATI&#8230;..I MICA A MICA ENS ACABAREM D\u2019ADAPTAR\u00a0 I GAUDIREM MOLT A LA NOSTRA ESCOLA!!!<\/span><\/p>\n<p><a href=\"https:\/\/photos.app.goo.gl\/7KxU4DemJ2PGG2aL6\">\u00c0lbum de fotos.<\/a><\/p>\n","protected":false},"excerpt":{"rendered":"<p><a href=\"https:\/\/agora.xtec.cat\/ceipgranullarius\/wp-content\/uploads\/usu769\/2021\/10\/2.-PORTADA-1-600-x-450.jpg\"><\/a><br \/>\nLA PRIMERA SETMANA D\u2019ADAPTACI\u00d3 HA ESTAT MOLT INTENSA PERQU\u00c8 HEM EXPERIMENTAT DIFERENTS EMOCIONS. ALGUNS\/ES TEN\u00cdEM POR I HEM PLORAT UNA MICA PERQU\u00c8 VOL\u00cdEM MARXAR A CASA, D\u2019ALTRES HEM ESTAT M\u00c9S TRANQUIL\u00b7LETS\/ES , D\u2019ALTRES NO HEM PARLAT GAIRE, D\u2019ALTRES NO PAR\u00c0VEM DE XERRAR&#8230;&#8230;TOTS I TOTES&hellip;  <a href=\"https:\/\/agora.xtec.cat\/ceipgranullarius\/educacio-infantil\/adaptacio-a-p3\/\" title=\"Read ADAPTACI\u00d3 A P3\">Llegeix m\u00e9s\u00bb<\/a><\/p>\n","protected":false},"author":1,"featured_media":1151,"comment_status":"closed","ping_status":"closed","sticky":false,"template":"","format":"standard","meta":{"_bbp_topic_count":0,"_bbp_reply_count":0,"_bbp_total_topic_count":0,"_bbp_total_reply_count":0,"_bbp_voice_count":0,"_bbp_anonymous_reply_count":0,"_bbp_topic_count_hidden":0,"_bbp_reply_count_hidden":0,"_bbp_forum_subforum_count":0,"footnotes":""},"categories":[2,3,4],"tags":[],"class_list":["post-2444","post","type-post","status-publish","format-standard","has-post-thumbnail","hentry","category-educacio-infantil","category-i3","category-portada"],"post_mailing_queue_ids":[],"_links":{"self":[{"href":"https:\/\/agora.xtec.cat\/ceipgranullarius\/wp-json\/wp\/v2\/posts\/2444","targetHints":{"allow":["GET"]}}],"collection":[{"href":"https:\/\/agora.xtec.cat\/ceipgranullarius\/wp-json\/wp\/v2\/posts"}],"about":[{"href":"https:\/\/agora.xtec.cat\/ceipgranullarius\/wp-json\/wp\/v2\/types\/post"}],"author":[{"embeddable":true,"href":"https:\/\/agora.xtec.cat\/ceipgranullarius\/wp-json\/wp\/v2\/users\/1"}],"replies":[{"embeddable":true,"href":"https:\/\/agora.xtec.cat\/ceipgranullarius\/wp-json\/wp\/v2\/comments?post=2444"}],"version-history":[{"count":1,"href":"https:\/\/agora.xtec.cat\/ceipgranullarius\/wp-json\/wp\/v2\/posts\/2444\/revisions"}],"predecessor-version":[{"id":2446,"href":"https:\/\/agora.xtec.cat\/ceipgranullarius\/wp-json\/wp\/v2\/posts\/2444\/revisions\/2446"}],"wp:featuredmedia":[{"embeddable":true,"href":"https:\/\/agora.xtec.cat\/ceipgranullarius\/wp-json\/wp\/v2\/media\/1151"}],"wp:attachment":[{"href":"https:\/\/agora.xtec.cat\/ceipgranullarius\/wp-json\/wp\/v2\/media?parent=2444"}],"wp:term":[{"taxonomy":"category","embeddable":true,"href":"https:\/\/agora.xtec.cat\/ceipgranullarius\/wp-json\/wp\/v2\/categories?post=2444"},{"taxonomy":"post_tag","embeddable":true,"href":"https:\/\/agora.xtec.cat\/ceipgranullarius\/wp-json\/wp\/v2\/tags?post=2444"}],"curies":[{"name":"wp","href":"https:\/\/api.w.org\/{rel}","templated":true}]}}