{"id":2414,"date":"2021-07-09T14:03:22","date_gmt":"2021-07-09T12:03:22","guid":{"rendered":"http:\/\/agora.xtec.cat\/ceipgranullarius\/?p=2414"},"modified":"2021-07-09T14:03:22","modified_gmt":"2021-07-09T12:03:22","slug":"festa-families-graduacio-6e","status":"publish","type":"post","link":"https:\/\/agora.xtec.cat\/ceipgranullarius\/educacio-infantil\/festa-families-graduacio-6e\/","title":{"rendered":"FESTA FAM\u00cdLIES GRADUACI\u00d3 6\u00e8\u00a0"},"content":{"rendered":"<p style=\"text-align: center;\"><a href=\"https:\/\/agora.xtec.cat\/ceipgranullarius\/wp-content\/uploads\/usu769\/2021\/07\/2.-PORTADA-2.jpg\"><img loading=\"lazy\" decoding=\"async\" class=\"aligncenter size-medium wp-image-2415\" src=\"https:\/\/agora.xtec.cat\/ceipgranullarius\/wp-content\/uploads\/usu769\/2021\/07\/2.-PORTADA-2-300x200.jpg\" alt=\"\" width=\"300\" height=\"200\" srcset=\"https:\/\/agora.xtec.cat\/ceipgranullarius\/wp-content\/uploads\/usu769\/2021\/07\/2.-PORTADA-2-300x200.jpg 300w, https:\/\/agora.xtec.cat\/ceipgranullarius\/wp-content\/uploads\/usu769\/2021\/07\/2.-PORTADA-2-768x512.jpg 768w, https:\/\/agora.xtec.cat\/ceipgranullarius\/wp-content\/uploads\/usu769\/2021\/07\/2.-PORTADA-2-1024x683.jpg 1024w, https:\/\/agora.xtec.cat\/ceipgranullarius\/wp-content\/uploads\/usu769\/2021\/07\/2.-PORTADA-2.jpg 1354w\" sizes=\"auto, (max-width: 300px) 100vw, 300px\" \/><\/a><\/p>\n<p><span style=\"font-weight: 400;\">El dia 19 de juny les fam\u00edlies de 6\u00e8 van organitzar la festa de comiat dels nens i les nenes de 6\u00e8. Vam poder gaudir d\u2019un espectacle d\u2019animaci\u00f3 del \u201cmil Notes\u201d i les fam\u00edlies van fer l\u2019entrega d\u2019un regal a tots\/es els nens i les nenes de 6\u00e8.<\/span><\/p>\n<p><span style=\"font-weight: 400;\">Nens i nenes de 6\u00e8 us trobarem molt i molt a faltar!!<\/span><\/p>\n<p><span style=\"font-weight: 400;\">Que tingueu molta sort a l\u2019institut!!<\/span><\/p>\n<p><a href=\"https:\/\/photos.app.goo.gl\/WPpLNt8x8NrH3joh8\">\u00c0lbum de fotos.<\/a><\/p>\n<div id=\"gtx-trans\" style=\"position: absolute; left: -20px; top: 415px;\">\n<div class=\"gtx-trans-icon\"><\/div>\n<\/div>\n","protected":false},"excerpt":{"rendered":"<p><a href=\"https:\/\/agora.xtec.cat\/ceipgranullarius\/wp-content\/uploads\/usu769\/2021\/07\/2.-PORTADA-2.jpg\"><\/a><br \/>\nEl dia 19 de juny les fam\u00edlies de 6\u00e8 van organitzar la festa de comiat dels nens i les nenes de 6\u00e8. Vam poder gaudir d\u2019un espectacle d\u2019animaci\u00f3 del \u201cmil Notes\u201d i les fam\u00edlies van fer l\u2019entrega d\u2019un regal a tots\/es els nens i&hellip;  <a href=\"https:\/\/agora.xtec.cat\/ceipgranullarius\/educacio-infantil\/festa-families-graduacio-6e\/\" title=\"Read FESTA FAM\u00cdLIES GRADUACI\u00d3 6\u00e8\u00a0\">Llegeix m\u00e9s\u00bb<\/a><\/p>\n","protected":false},"author":1,"featured_media":1151,"comment_status":"closed","ping_status":"closed","sticky":false,"template":"","format":"standard","meta":{"_bbp_topic_count":0,"_bbp_reply_count":0,"_bbp_total_topic_count":0,"_bbp_total_reply_count":0,"_bbp_voice_count":0,"_bbp_anonymous_reply_count":0,"_bbp_topic_count_hidden":0,"_bbp_reply_count_hidden":0,"_bbp_forum_subforum_count":0,"footnotes":""},"categories":[15,7,2,4],"tags":[],"class_list":["post-2414","post","type-post","status-publish","format-standard","has-post-thumbnail","hentry","category-6e","category-ampa","category-educacio-infantil","category-portada"],"post_mailing_queue_ids":[],"_links":{"self":[{"href":"https:\/\/agora.xtec.cat\/ceipgranullarius\/wp-json\/wp\/v2\/posts\/2414","targetHints":{"allow":["GET"]}}],"collection":[{"href":"https:\/\/agora.xtec.cat\/ceipgranullarius\/wp-json\/wp\/v2\/posts"}],"about":[{"href":"https:\/\/agora.xtec.cat\/ceipgranullarius\/wp-json\/wp\/v2\/types\/post"}],"author":[{"embeddable":true,"href":"https:\/\/agora.xtec.cat\/ceipgranullarius\/wp-json\/wp\/v2\/users\/1"}],"replies":[{"embeddable":true,"href":"https:\/\/agora.xtec.cat\/ceipgranullarius\/wp-json\/wp\/v2\/comments?post=2414"}],"version-history":[{"count":1,"href":"https:\/\/agora.xtec.cat\/ceipgranullarius\/wp-json\/wp\/v2\/posts\/2414\/revisions"}],"predecessor-version":[{"id":2416,"href":"https:\/\/agora.xtec.cat\/ceipgranullarius\/wp-json\/wp\/v2\/posts\/2414\/revisions\/2416"}],"wp:featuredmedia":[{"embeddable":true,"href":"https:\/\/agora.xtec.cat\/ceipgranullarius\/wp-json\/wp\/v2\/media\/1151"}],"wp:attachment":[{"href":"https:\/\/agora.xtec.cat\/ceipgranullarius\/wp-json\/wp\/v2\/media?parent=2414"}],"wp:term":[{"taxonomy":"category","embeddable":true,"href":"https:\/\/agora.xtec.cat\/ceipgranullarius\/wp-json\/wp\/v2\/categories?post=2414"},{"taxonomy":"post_tag","embeddable":true,"href":"https:\/\/agora.xtec.cat\/ceipgranullarius\/wp-json\/wp\/v2\/tags?post=2414"}],"curies":[{"name":"wp","href":"https:\/\/api.w.org\/{rel}","templated":true}]}}