{"id":2398,"date":"2021-07-09T12:32:37","date_gmt":"2021-07-09T10:32:37","guid":{"rendered":"http:\/\/agora.xtec.cat\/ceipgranullarius\/?p=2398"},"modified":"2021-07-09T12:32:37","modified_gmt":"2021-07-09T10:32:37","slug":"autor-a-lescola-6e","status":"publish","type":"post","link":"https:\/\/agora.xtec.cat\/ceipgranullarius\/portada\/autor-a-lescola-6e\/","title":{"rendered":"AUTOR A L\u2019ESCOLA 6\u00e8"},"content":{"rendered":"<p style=\"text-align: center;\"><a href=\"https:\/\/agora.xtec.cat\/ceipgranullarius\/wp-content\/uploads\/usu769\/2021\/07\/2.-PORTADA-1.jpg\"><img loading=\"lazy\" decoding=\"async\" class=\"aligncenter size-medium wp-image-2399\" src=\"https:\/\/agora.xtec.cat\/ceipgranullarius\/wp-content\/uploads\/usu769\/2021\/07\/2.-PORTADA-1-181x300.jpg\" alt=\"\" width=\"181\" height=\"300\" srcset=\"https:\/\/agora.xtec.cat\/ceipgranullarius\/wp-content\/uploads\/usu769\/2021\/07\/2.-PORTADA-1-181x300.jpg 181w, https:\/\/agora.xtec.cat\/ceipgranullarius\/wp-content\/uploads\/usu769\/2021\/07\/2.-PORTADA-1-768x1274.jpg 768w, https:\/\/agora.xtec.cat\/ceipgranullarius\/wp-content\/uploads\/usu769\/2021\/07\/2.-PORTADA-1-617x1024.jpg 617w, https:\/\/agora.xtec.cat\/ceipgranullarius\/wp-content\/uploads\/usu769\/2021\/07\/2.-PORTADA-1.jpg 1125w\" sizes=\"auto, (max-width: 181px) 100vw, 181px\" \/><\/a><\/p>\n<p><span style=\"font-weight: 400;\">\u201cNing\u00fa \u00e9s un zombi\u201d de Jordi Folk\u00a0<\/span><\/p>\n<p><span style=\"font-weight: 400;\">Els nens i les nenes de 6\u00e8 aquest curs han llegit el llibre de l\u2019autor Jordi Folk \u201cN\u00edng\u00fa \u00e9s un zombi\u201d. Despr\u00e9s els tres grups de 6\u00e8 han fet una videoconfer\u00e8ncia amb l\u2019autor a on els hi ha explicat moltes coses del seu llibre i de la seva vida d\u2019escriptor.<\/span><\/p>\n<p><a href=\"https:\/\/photos.app.goo.gl\/gvGMw82J4Y8SL2Dq5\">\u00c0lbum de fotos.<\/a><\/p>\n<div id=\"gtx-trans\" style=\"position: absolute; left: -16px; top: 422.8px;\">\n<div class=\"gtx-trans-icon\"><\/div>\n<\/div>\n","protected":false},"excerpt":{"rendered":"<p><a href=\"https:\/\/agora.xtec.cat\/ceipgranullarius\/wp-content\/uploads\/usu769\/2021\/07\/2.-PORTADA-1.jpg\"><\/a><br \/>\n\u201cNing\u00fa \u00e9s un zombi\u201d de Jordi Folk\u00a0<br \/>\nEls nens i les nenes de 6\u00e8 aquest curs han llegit el llibre de l\u2019autor Jordi Folk \u201cN\u00edng\u00fa \u00e9s un zombi\u201d. Despr\u00e9s els tres grups de 6\u00e8 han fet una videoconfer\u00e8ncia amb l\u2019autor a on els hi ha&hellip;  <a href=\"https:\/\/agora.xtec.cat\/ceipgranullarius\/portada\/autor-a-lescola-6e\/\" title=\"Read AUTOR A L\u2019ESCOLA 6\u00e8\">Llegeix m\u00e9s\u00bb<\/a><\/p>\n","protected":false},"author":1,"featured_media":1151,"comment_status":"closed","ping_status":"closed","sticky":false,"template":"","format":"standard","meta":{"_bbp_topic_count":0,"_bbp_reply_count":0,"_bbp_total_topic_count":0,"_bbp_total_reply_count":0,"_bbp_voice_count":0,"_bbp_anonymous_reply_count":0,"_bbp_topic_count_hidden":0,"_bbp_reply_count_hidden":0,"_bbp_forum_subforum_count":0,"footnotes":""},"categories":[15,4],"tags":[],"class_list":["post-2398","post","type-post","status-publish","format-standard","has-post-thumbnail","hentry","category-6e","category-portada"],"post_mailing_queue_ids":[],"_links":{"self":[{"href":"https:\/\/agora.xtec.cat\/ceipgranullarius\/wp-json\/wp\/v2\/posts\/2398","targetHints":{"allow":["GET"]}}],"collection":[{"href":"https:\/\/agora.xtec.cat\/ceipgranullarius\/wp-json\/wp\/v2\/posts"}],"about":[{"href":"https:\/\/agora.xtec.cat\/ceipgranullarius\/wp-json\/wp\/v2\/types\/post"}],"author":[{"embeddable":true,"href":"https:\/\/agora.xtec.cat\/ceipgranullarius\/wp-json\/wp\/v2\/users\/1"}],"replies":[{"embeddable":true,"href":"https:\/\/agora.xtec.cat\/ceipgranullarius\/wp-json\/wp\/v2\/comments?post=2398"}],"version-history":[{"count":1,"href":"https:\/\/agora.xtec.cat\/ceipgranullarius\/wp-json\/wp\/v2\/posts\/2398\/revisions"}],"predecessor-version":[{"id":2400,"href":"https:\/\/agora.xtec.cat\/ceipgranullarius\/wp-json\/wp\/v2\/posts\/2398\/revisions\/2400"}],"wp:featuredmedia":[{"embeddable":true,"href":"https:\/\/agora.xtec.cat\/ceipgranullarius\/wp-json\/wp\/v2\/media\/1151"}],"wp:attachment":[{"href":"https:\/\/agora.xtec.cat\/ceipgranullarius\/wp-json\/wp\/v2\/media?parent=2398"}],"wp:term":[{"taxonomy":"category","embeddable":true,"href":"https:\/\/agora.xtec.cat\/ceipgranullarius\/wp-json\/wp\/v2\/categories?post=2398"},{"taxonomy":"post_tag","embeddable":true,"href":"https:\/\/agora.xtec.cat\/ceipgranullarius\/wp-json\/wp\/v2\/tags?post=2398"}],"curies":[{"name":"wp","href":"https:\/\/api.w.org\/{rel}","templated":true}]}}