{"id":2381,"date":"2021-07-09T09:45:29","date_gmt":"2021-07-09T07:45:29","guid":{"rendered":"http:\/\/agora.xtec.cat\/ceipgranullarius\/?p=2381"},"modified":"2021-07-09T09:45:29","modified_gmt":"2021-07-09T07:45:29","slug":"acte-de-reconeixement-del-voluntariat","status":"publish","type":"post","link":"https:\/\/agora.xtec.cat\/ceipgranullarius\/portada\/acte-de-reconeixement-del-voluntariat\/","title":{"rendered":"ACTE DE RECONEIXEMENT DEL VOLUNTARIAT"},"content":{"rendered":"<p style=\"text-align: center;\"><a href=\"https:\/\/agora.xtec.cat\/ceipgranullarius\/wp-content\/uploads\/usu769\/2021\/07\/2.PORTADA-1.jpg\"><img loading=\"lazy\" decoding=\"async\" class=\"aligncenter size-medium wp-image-2382\" src=\"https:\/\/agora.xtec.cat\/ceipgranullarius\/wp-content\/uploads\/usu769\/2021\/07\/2.PORTADA-1-300x225.jpg\" alt=\"\" width=\"300\" height=\"225\" srcset=\"https:\/\/agora.xtec.cat\/ceipgranullarius\/wp-content\/uploads\/usu769\/2021\/07\/2.PORTADA-1-300x225.jpg 300w, https:\/\/agora.xtec.cat\/ceipgranullarius\/wp-content\/uploads\/usu769\/2021\/07\/2.PORTADA-1-768x576.jpg 768w, https:\/\/agora.xtec.cat\/ceipgranullarius\/wp-content\/uploads\/usu769\/2021\/07\/2.PORTADA-1.jpg 1024w, https:\/\/agora.xtec.cat\/ceipgranullarius\/wp-content\/uploads\/usu769\/2021\/07\/2.PORTADA-1-200x150.jpg 200w\" sizes=\"auto, (max-width: 300px) 100vw, 300px\" \/><\/a><\/p>\n<p><span style=\"font-weight: 400;\">El 24 de maig es va celebrar al Cinema Edison l&#8217;acte de reconeixement a les persones volunt\u00e0ries del curs passat.<\/span><\/p>\n<p><span style=\"font-weight: 400;\">Felicitem les nostres volunt\u00e0ries: C\u00e0ndida Gorj\u00f3n, Emi Gorj\u00f3n i Carme Garv\u00edn.<\/span><\/p>\n<p><span style=\"font-weight: 400;\">Moltes gr\u00e0cies per la vostra implicaci\u00f3!!<\/span><\/p>\n<p><span style=\"font-weight: 400;\">Esperem que el curs vinent es pugui fer el voluntariat amb normalitat.<\/span><\/p>\n<p><a href=\"https:\/\/photos.app.goo.gl\/BQ52z6jpHevDr8ip6\">\u00c0lbum de fotos.<\/a><\/p>\n<div id=\"gtx-trans\" style=\"position: absolute; left: -27px; top: 460px;\">\n<div class=\"gtx-trans-icon\"><\/div>\n<\/div>\n","protected":false},"excerpt":{"rendered":"<p><a href=\"https:\/\/agora.xtec.cat\/ceipgranullarius\/wp-content\/uploads\/usu769\/2021\/07\/2.PORTADA-1.jpg\"><\/a><br \/>\nEl 24 de maig es va celebrar al Cinema Edison l&#8217;acte de reconeixement a les persones volunt\u00e0ries del curs passat.<br \/>\nFelicitem les nostres volunt\u00e0ries: C\u00e0ndida Gorj\u00f3n, Emi Gorj\u00f3n i Carme Garv\u00edn.<br \/>\nMoltes gr\u00e0cies per la vostra implicaci\u00f3!!<br \/>\nEsperem que el curs vinent es pugui fer el voluntariat&hellip;  <a href=\"https:\/\/agora.xtec.cat\/ceipgranullarius\/portada\/acte-de-reconeixement-del-voluntariat\/\" title=\"Read ACTE DE RECONEIXEMENT DEL VOLUNTARIAT\">Llegeix m\u00e9s\u00bb<\/a><\/p>\n","protected":false},"author":1,"featured_media":1151,"comment_status":"closed","ping_status":"closed","sticky":false,"template":"","format":"standard","meta":{"_bbp_topic_count":0,"_bbp_reply_count":0,"_bbp_total_topic_count":0,"_bbp_total_reply_count":0,"_bbp_voice_count":0,"_bbp_anonymous_reply_count":0,"_bbp_topic_count_hidden":0,"_bbp_reply_count_hidden":0,"_bbp_forum_subforum_count":0,"footnotes":""},"categories":[4],"tags":[],"class_list":["post-2381","post","type-post","status-publish","format-standard","has-post-thumbnail","hentry","category-portada"],"post_mailing_queue_ids":[],"_links":{"self":[{"href":"https:\/\/agora.xtec.cat\/ceipgranullarius\/wp-json\/wp\/v2\/posts\/2381","targetHints":{"allow":["GET"]}}],"collection":[{"href":"https:\/\/agora.xtec.cat\/ceipgranullarius\/wp-json\/wp\/v2\/posts"}],"about":[{"href":"https:\/\/agora.xtec.cat\/ceipgranullarius\/wp-json\/wp\/v2\/types\/post"}],"author":[{"embeddable":true,"href":"https:\/\/agora.xtec.cat\/ceipgranullarius\/wp-json\/wp\/v2\/users\/1"}],"replies":[{"embeddable":true,"href":"https:\/\/agora.xtec.cat\/ceipgranullarius\/wp-json\/wp\/v2\/comments?post=2381"}],"version-history":[{"count":1,"href":"https:\/\/agora.xtec.cat\/ceipgranullarius\/wp-json\/wp\/v2\/posts\/2381\/revisions"}],"predecessor-version":[{"id":2383,"href":"https:\/\/agora.xtec.cat\/ceipgranullarius\/wp-json\/wp\/v2\/posts\/2381\/revisions\/2383"}],"wp:featuredmedia":[{"embeddable":true,"href":"https:\/\/agora.xtec.cat\/ceipgranullarius\/wp-json\/wp\/v2\/media\/1151"}],"wp:attachment":[{"href":"https:\/\/agora.xtec.cat\/ceipgranullarius\/wp-json\/wp\/v2\/media?parent=2381"}],"wp:term":[{"taxonomy":"category","embeddable":true,"href":"https:\/\/agora.xtec.cat\/ceipgranullarius\/wp-json\/wp\/v2\/categories?post=2381"},{"taxonomy":"post_tag","embeddable":true,"href":"https:\/\/agora.xtec.cat\/ceipgranullarius\/wp-json\/wp\/v2\/tags?post=2381"}],"curies":[{"name":"wp","href":"https:\/\/api.w.org\/{rel}","templated":true}]}}