{"id":2357,"date":"2021-06-22T13:35:51","date_gmt":"2021-06-22T11:35:51","guid":{"rendered":"http:\/\/agora.xtec.cat\/ceipgranullarius\/?p=2357"},"modified":"2021-06-22T13:36:18","modified_gmt":"2021-06-22T11:36:18","slug":"projecte-paul-klee-1r","status":"publish","type":"post","link":"https:\/\/agora.xtec.cat\/ceipgranullarius\/portada\/projecte-paul-klee-1r\/","title":{"rendered":"Projecte Paul Klee 1r"},"content":{"rendered":"<p style=\"text-align: center;\"><a href=\"https:\/\/agora.xtec.cat\/ceipgranullarius\/wp-content\/uploads\/usu769\/2021\/06\/Portada.jpg\"><img loading=\"lazy\" decoding=\"async\" class=\"aligncenter size-medium wp-image-2358\" src=\"https:\/\/agora.xtec.cat\/ceipgranullarius\/wp-content\/uploads\/usu769\/2021\/06\/Portada-300x135.jpg\" alt=\"\" width=\"300\" height=\"135\" srcset=\"https:\/\/agora.xtec.cat\/ceipgranullarius\/wp-content\/uploads\/usu769\/2021\/06\/Portada-300x135.jpg 300w, https:\/\/agora.xtec.cat\/ceipgranullarius\/wp-content\/uploads\/usu769\/2021\/06\/Portada-768x345.jpg 768w, https:\/\/agora.xtec.cat\/ceipgranullarius\/wp-content\/uploads\/usu769\/2021\/06\/Portada-1024x460.jpg 1024w, https:\/\/agora.xtec.cat\/ceipgranullarius\/wp-content\/uploads\/usu769\/2021\/06\/Portada.jpg 1080w\" sizes=\"auto, (max-width: 300px) 100vw, 300px\" \/><\/a><\/p>\n<p><span style=\"font-weight: 400;\">Aquest tercer trimestre, des de pl\u00e0stica, hem treballat un nou artista, en Paul Klee. Hem apr\u00e8s que les seves obres estan formades per figures geom\u00e8triques: cercles, quadrats, rectangles i triangles. I tamb\u00e9 que un dibuix \u00e9s simplement una l\u00ednia que va sortir a passejar.\u00a0<\/span><\/p>\n<p><span style=\"font-weight: 400;\">Aqu\u00ed teniu les nostre obres. Esperem que us agradin!<\/span><\/p>\n<p><a href=\"https:\/\/photos.app.goo.gl\/eaMe8FeVY5KVHHWe9\">\u00c0lbum de fotos.<\/a><\/p>\n<div id=\"gtx-trans\" style=\"position: absolute; left: -16px; top: 281px;\">\n<div class=\"gtx-trans-icon\"><\/div>\n<\/div>\n","protected":false},"excerpt":{"rendered":"<p><a href=\"https:\/\/agora.xtec.cat\/ceipgranullarius\/wp-content\/uploads\/usu769\/2021\/06\/Portada.jpg\"><\/a><br \/>\nAquest tercer trimestre, des de pl\u00e0stica, hem treballat un nou artista, en Paul Klee. Hem apr\u00e8s que les seves obres estan formades per figures geom\u00e8triques: cercles, quadrats, rectangles i triangles. I tamb\u00e9 que un dibuix \u00e9s simplement una l\u00ednia que va sortir a passejar.\u00a0<br \/>\nAqu\u00ed&hellip;  <a href=\"https:\/\/agora.xtec.cat\/ceipgranullarius\/portada\/projecte-paul-klee-1r\/\" title=\"Read Projecte Paul Klee 1r\">Llegeix m\u00e9s\u00bb<\/a><\/p>\n","protected":false},"author":1,"featured_media":1151,"comment_status":"closed","ping_status":"closed","sticky":false,"template":"","format":"standard","meta":{"_bbp_topic_count":0,"_bbp_reply_count":0,"_bbp_total_topic_count":0,"_bbp_total_reply_count":0,"_bbp_voice_count":0,"_bbp_anonymous_reply_count":0,"_bbp_topic_count_hidden":0,"_bbp_reply_count_hidden":0,"_bbp_forum_subforum_count":0,"footnotes":""},"categories":[10,4],"tags":[],"class_list":["post-2357","post","type-post","status-publish","format-standard","has-post-thumbnail","hentry","category-1r","category-portada"],"post_mailing_queue_ids":[],"_links":{"self":[{"href":"https:\/\/agora.xtec.cat\/ceipgranullarius\/wp-json\/wp\/v2\/posts\/2357","targetHints":{"allow":["GET"]}}],"collection":[{"href":"https:\/\/agora.xtec.cat\/ceipgranullarius\/wp-json\/wp\/v2\/posts"}],"about":[{"href":"https:\/\/agora.xtec.cat\/ceipgranullarius\/wp-json\/wp\/v2\/types\/post"}],"author":[{"embeddable":true,"href":"https:\/\/agora.xtec.cat\/ceipgranullarius\/wp-json\/wp\/v2\/users\/1"}],"replies":[{"embeddable":true,"href":"https:\/\/agora.xtec.cat\/ceipgranullarius\/wp-json\/wp\/v2\/comments?post=2357"}],"version-history":[{"count":1,"href":"https:\/\/agora.xtec.cat\/ceipgranullarius\/wp-json\/wp\/v2\/posts\/2357\/revisions"}],"predecessor-version":[{"id":2359,"href":"https:\/\/agora.xtec.cat\/ceipgranullarius\/wp-json\/wp\/v2\/posts\/2357\/revisions\/2359"}],"wp:featuredmedia":[{"embeddable":true,"href":"https:\/\/agora.xtec.cat\/ceipgranullarius\/wp-json\/wp\/v2\/media\/1151"}],"wp:attachment":[{"href":"https:\/\/agora.xtec.cat\/ceipgranullarius\/wp-json\/wp\/v2\/media?parent=2357"}],"wp:term":[{"taxonomy":"category","embeddable":true,"href":"https:\/\/agora.xtec.cat\/ceipgranullarius\/wp-json\/wp\/v2\/categories?post=2357"},{"taxonomy":"post_tag","embeddable":true,"href":"https:\/\/agora.xtec.cat\/ceipgranullarius\/wp-json\/wp\/v2\/tags?post=2357"}],"curies":[{"name":"wp","href":"https:\/\/api.w.org\/{rel}","templated":true}]}}