{"id":2337,"date":"2021-06-17T12:36:26","date_gmt":"2021-06-17T10:36:26","guid":{"rendered":"http:\/\/agora.xtec.cat\/ceipgranullarius\/?p=2337"},"modified":"2021-06-17T12:36:26","modified_gmt":"2021-06-17T10:36:26","slug":"basket-beat-i-percussio-corporal-5e","status":"publish","type":"post","link":"https:\/\/agora.xtec.cat\/ceipgranullarius\/portada\/basket-beat-i-percussio-corporal-5e\/","title":{"rendered":"BASKET BEAT I PERCUSSI\u00d3 CORPORAL 5\u00e8"},"content":{"rendered":"<p><span style=\"font-weight: 400;\">Els alumnes de 5\u00e8 han estat treballant el ritme a trav\u00e9s de la percussi\u00f3 corporal i\u00a0 amb una\u00a0 pilota de b\u00e0squet (b\u00e0sket beat)\u00a0 a les sessions d\u2019Ed F\u00edsica.\u00a0<\/span><\/p>\n<p><span style=\"font-weight: 400;\">El b\u00e0sket beat\u00a0 neix com a nou projecte\u00a0 que pret\u00e9n:<\/span><\/p>\n<p><span style=\"font-weight: 400;\">-Fomentar la inclusi\u00f3 social partint del treball interdisciplinar entre m\u00fasica i esport.<\/span><\/p>\n<p><span style=\"font-weight: 400;\">\u2013 Entrenar habilitats per a la vida en el marc de les compet\u00e8ncies b\u00e0siques.<\/span><\/p>\n<p><span style=\"font-weight: 400;\">\u2013 Potenciar el sentiment de pertinen\u00e7a al grup, el respecte envers els altres i l\u2019actitud de cooperaci\u00f3 i esfor\u00e7 col\u00b7lectiu.<\/span><\/p>\n<p><span style=\"font-weight: 400;\">\u2013 Afavorir l\u2019autocontrol emocional, l\u2019autoestima i el sentit de\u00a0 la responsabilitat.<\/span><\/p>\n<p><span style=\"font-weight: 400;\">\u2013 Oferir experi\u00e8ncies art\u00edstiques de qualitat.<\/span><\/p>\n<p><a href=\"https:\/\/photos.app.goo.gl\/gUZ9xhbXAHDnutMJA\">\u00c0lbum de fotos.<\/a><\/p>\n<div id=\"gtx-trans\" style=\"position: absolute; left: -12px; top: 330.8px;\">\n<div class=\"gtx-trans-icon\"><\/div>\n<\/div>\n","protected":false},"excerpt":{"rendered":"<p>Els alumnes de 5\u00e8 han estat treballant el ritme a trav\u00e9s de la percussi\u00f3 corporal i\u00a0 amb una\u00a0 pilota de b\u00e0squet (b\u00e0sket beat)\u00a0 a les sessions d\u2019Ed F\u00edsica.\u00a0<br \/>\nEl b\u00e0sket beat\u00a0 neix com a nou projecte\u00a0 que pret\u00e9n:<br \/>\n-Fomentar la inclusi\u00f3 social partint del treball interdisciplinar entre&hellip;  <a href=\"https:\/\/agora.xtec.cat\/ceipgranullarius\/portada\/basket-beat-i-percussio-corporal-5e\/\" title=\"Read BASKET BEAT I PERCUSSI\u00d3 CORPORAL 5\u00e8\">Llegeix m\u00e9s\u00bb<\/a><\/p>\n","protected":false},"author":1,"featured_media":0,"comment_status":"closed","ping_status":"closed","sticky":false,"template":"","format":"standard","meta":{"_bbp_topic_count":0,"_bbp_reply_count":0,"_bbp_total_topic_count":0,"_bbp_total_reply_count":0,"_bbp_voice_count":0,"_bbp_anonymous_reply_count":0,"_bbp_topic_count_hidden":0,"_bbp_reply_count_hidden":0,"_bbp_forum_subforum_count":0,"footnotes":""},"categories":[14,4],"tags":[],"class_list":["post-2337","post","type-post","status-publish","format-standard","hentry","category-5e","category-portada"],"post_mailing_queue_ids":[],"_links":{"self":[{"href":"https:\/\/agora.xtec.cat\/ceipgranullarius\/wp-json\/wp\/v2\/posts\/2337","targetHints":{"allow":["GET"]}}],"collection":[{"href":"https:\/\/agora.xtec.cat\/ceipgranullarius\/wp-json\/wp\/v2\/posts"}],"about":[{"href":"https:\/\/agora.xtec.cat\/ceipgranullarius\/wp-json\/wp\/v2\/types\/post"}],"author":[{"embeddable":true,"href":"https:\/\/agora.xtec.cat\/ceipgranullarius\/wp-json\/wp\/v2\/users\/1"}],"replies":[{"embeddable":true,"href":"https:\/\/agora.xtec.cat\/ceipgranullarius\/wp-json\/wp\/v2\/comments?post=2337"}],"version-history":[{"count":1,"href":"https:\/\/agora.xtec.cat\/ceipgranullarius\/wp-json\/wp\/v2\/posts\/2337\/revisions"}],"predecessor-version":[{"id":2338,"href":"https:\/\/agora.xtec.cat\/ceipgranullarius\/wp-json\/wp\/v2\/posts\/2337\/revisions\/2338"}],"wp:attachment":[{"href":"https:\/\/agora.xtec.cat\/ceipgranullarius\/wp-json\/wp\/v2\/media?parent=2337"}],"wp:term":[{"taxonomy":"category","embeddable":true,"href":"https:\/\/agora.xtec.cat\/ceipgranullarius\/wp-json\/wp\/v2\/categories?post=2337"},{"taxonomy":"post_tag","embeddable":true,"href":"https:\/\/agora.xtec.cat\/ceipgranullarius\/wp-json\/wp\/v2\/tags?post=2337"}],"curies":[{"name":"wp","href":"https:\/\/api.w.org\/{rel}","templated":true}]}}