{"id":2330,"date":"2021-06-10T10:33:20","date_gmt":"2021-06-10T08:33:20","guid":{"rendered":"http:\/\/agora.xtec.cat\/ceipgranullarius\/?p=2330"},"modified":"2021-06-10T10:33:20","modified_gmt":"2021-06-10T08:33:20","slug":"save-the-planet-project-at-year-3","status":"publish","type":"post","link":"https:\/\/agora.xtec.cat\/ceipgranullarius\/portada\/save-the-planet-project-at-year-3\/","title":{"rendered":"Save the planet Project at Year 3"},"content":{"rendered":"<p style=\"text-align: center;\"><a href=\"https:\/\/agora.xtec.cat\/ceipgranullarius\/wp-content\/uploads\/usu769\/2021\/06\/Foto-portada.jpg\"><img loading=\"lazy\" decoding=\"async\" class=\"aligncenter size-medium wp-image-2331\" src=\"https:\/\/agora.xtec.cat\/ceipgranullarius\/wp-content\/uploads\/usu769\/2021\/06\/Foto-portada-300x158.jpg\" alt=\"\" width=\"300\" height=\"158\" srcset=\"https:\/\/agora.xtec.cat\/ceipgranullarius\/wp-content\/uploads\/usu769\/2021\/06\/Foto-portada-300x158.jpg 300w, https:\/\/agora.xtec.cat\/ceipgranullarius\/wp-content\/uploads\/usu769\/2021\/06\/Foto-portada-768x403.jpg 768w, https:\/\/agora.xtec.cat\/ceipgranullarius\/wp-content\/uploads\/usu769\/2021\/06\/Foto-portada-1024x538.jpg 1024w, https:\/\/agora.xtec.cat\/ceipgranullarius\/wp-content\/uploads\/usu769\/2021\/06\/Foto-portada.jpg 1200w\" sizes=\"auto, (max-width: 300px) 100vw, 300px\" \/><\/a><\/p>\n<p><b> <\/b><span style=\"font-weight: 400;\">At this 3rd term we have also been doing a cross-curricular project called <\/span><i><span style=\"font-weight: 400;\">Save the Earth<\/span><\/i><span style=\"font-weight: 400;\">. First of all, we watched a couple of videos to understand the current problem of our planet: the Earth is getting more and more polluted, so we need to take action! Then, we did a brainstorming session with ideas of what we can personally do to achieve a healthier planet. After that, we organized five cooperative groups, each of them in charge of investigating one of these key actions we decided from the brainstorming: the three Rs, save water, responsible use of energies, less cars and paperless. Once the teams got all the necessary information from the internet (webquest links), they prepared a poster. Finally, they did an oral exposition to the rest of the class and they self and peer assessed each other. It has been such an interesting project!<\/span><\/p>\n<p><span style=\"font-weight: 400;\"><a href=\"https:\/\/sites.google.com\/a\/xtec.cat\/save-the-planet-team-work\/\">Project&#8217;s Web.<\/a><\/span><\/p>\n<p><span style=\"font-weight: 400;\">Durant aquest tercer trimestre tamb\u00e9 hem estat fent un projecte interdisciplinar anomenat <\/span><i><span style=\"font-weight: 400;\">Salvem el planeta<\/span><\/i><span style=\"font-weight: 400;\">. Primerament, hem vist un parell de videos per entendre el problema que actualment t\u00e9 el nostre planeta: la Terra est\u00e0 cada cop m\u00e9s contaminada, o sigui que hem d\u2019actuar! A continuaci\u00f3, vam fer una pluja d\u2019idees sobre qu\u00e8 podem fer nosaltres personalment per aconseguir un planeta m\u00e9s sa. Despr\u00e9s d\u2019aix\u00f2, vam organitzar cinc grups cooperatius, cadascun d\u2019ells encarregat d\u2019investigar una d\u2019aquestes accions clau decidides a la pluja d\u2019idees: les tres Rs, estalviar aigua, \u00fas responsable de les energies, menys cotxes i menys paper. Un cop els equips van aconseguir tota la informaci\u00f3 necess\u00e0ria d\u2019internet (links de la webquest), van preparar un p\u00f2ster. Finalment, van fer una exposici\u00f3 a la resta de la classe i es van auto i coavaluar entre ells. Ha estat un projecte molt interessant!<\/span><\/p>\n<p><a href=\"https:\/\/sites.google.com\/a\/xtec.cat\/save-the-planet-team-work\/\"><span style=\"font-weight: 400;\">Web del projecte.<\/span><\/a><\/p>\n<p><a href=\"https:\/\/photos.app.goo.gl\/PvwQyA9aN2eV1vTd6\">\u00c0lbum de fotos.<\/a><\/p>\n<p>&nbsp;<\/p>\n<div id=\"gtx-trans\" style=\"position: absolute; left: 0px; top: 653.6px;\">\n<div class=\"gtx-trans-icon\"><\/div>\n<\/div>\n","protected":false},"excerpt":{"rendered":"<p><a href=\"https:\/\/agora.xtec.cat\/ceipgranullarius\/wp-content\/uploads\/usu769\/2021\/06\/Foto-portada.jpg\"><\/a><br \/>\n At this 3rd term we have also been doing a cross-curricular project called Save the Earth. First of all, we watched a couple of videos to understand the current problem of our planet: the Earth is getting more and more polluted, so we&hellip;  <a href=\"https:\/\/agora.xtec.cat\/ceipgranullarius\/portada\/save-the-planet-project-at-year-3\/\" title=\"Read Save the planet Project at Year 3\">Llegeix m\u00e9s\u00bb<\/a><\/p>\n","protected":false},"author":1,"featured_media":1151,"comment_status":"closed","ping_status":"closed","sticky":false,"template":"","format":"standard","meta":{"_bbp_topic_count":0,"_bbp_reply_count":0,"_bbp_total_topic_count":0,"_bbp_total_reply_count":0,"_bbp_voice_count":0,"_bbp_anonymous_reply_count":0,"_bbp_topic_count_hidden":0,"_bbp_reply_count_hidden":0,"_bbp_forum_subforum_count":0,"footnotes":""},"categories":[12,46,4],"tags":[],"class_list":["post-2330","post","type-post","status-publish","format-standard","has-post-thumbnail","hentry","category-3r","category-som-escola-gep","category-portada"],"post_mailing_queue_ids":[],"_links":{"self":[{"href":"https:\/\/agora.xtec.cat\/ceipgranullarius\/wp-json\/wp\/v2\/posts\/2330","targetHints":{"allow":["GET"]}}],"collection":[{"href":"https:\/\/agora.xtec.cat\/ceipgranullarius\/wp-json\/wp\/v2\/posts"}],"about":[{"href":"https:\/\/agora.xtec.cat\/ceipgranullarius\/wp-json\/wp\/v2\/types\/post"}],"author":[{"embeddable":true,"href":"https:\/\/agora.xtec.cat\/ceipgranullarius\/wp-json\/wp\/v2\/users\/1"}],"replies":[{"embeddable":true,"href":"https:\/\/agora.xtec.cat\/ceipgranullarius\/wp-json\/wp\/v2\/comments?post=2330"}],"version-history":[{"count":1,"href":"https:\/\/agora.xtec.cat\/ceipgranullarius\/wp-json\/wp\/v2\/posts\/2330\/revisions"}],"predecessor-version":[{"id":2332,"href":"https:\/\/agora.xtec.cat\/ceipgranullarius\/wp-json\/wp\/v2\/posts\/2330\/revisions\/2332"}],"wp:featuredmedia":[{"embeddable":true,"href":"https:\/\/agora.xtec.cat\/ceipgranullarius\/wp-json\/wp\/v2\/media\/1151"}],"wp:attachment":[{"href":"https:\/\/agora.xtec.cat\/ceipgranullarius\/wp-json\/wp\/v2\/media?parent=2330"}],"wp:term":[{"taxonomy":"category","embeddable":true,"href":"https:\/\/agora.xtec.cat\/ceipgranullarius\/wp-json\/wp\/v2\/categories?post=2330"},{"taxonomy":"post_tag","embeddable":true,"href":"https:\/\/agora.xtec.cat\/ceipgranullarius\/wp-json\/wp\/v2\/tags?post=2330"}],"curies":[{"name":"wp","href":"https:\/\/api.w.org\/{rel}","templated":true}]}}