{"id":2309,"date":"2021-06-07T11:25:20","date_gmt":"2021-06-07T09:25:20","guid":{"rendered":"http:\/\/agora.xtec.cat\/ceipgranullarius\/?p=2309"},"modified":"2021-06-07T11:25:20","modified_gmt":"2021-06-07T09:25:20","slug":"xerrada-den-carles-xifre-viatge-a-lantartida-a-4t","status":"publish","type":"post","link":"https:\/\/agora.xtec.cat\/ceipgranullarius\/portada\/xerrada-den-carles-xifre-viatge-a-lantartida-a-4t\/","title":{"rendered":"XERRADA D\u2019EN CARLES XIFR\u00c9. VIATGE A L\u2019ANT\u00c0RTIDA a 4t"},"content":{"rendered":"<p style=\"text-align: center;\"><a href=\"https:\/\/agora.xtec.cat\/ceipgranullarius\/wp-content\/uploads\/usu769\/2021\/06\/2.-PORTADA-600-x-450.jpg\"><img loading=\"lazy\" decoding=\"async\" class=\"aligncenter wp-image-2310 size-medium\" src=\"https:\/\/agora.xtec.cat\/ceipgranullarius\/wp-content\/uploads\/usu769\/2021\/06\/2.-PORTADA-600-x-450-e1623057881198-300x225.jpg\" alt=\"\" width=\"300\" height=\"225\" srcset=\"https:\/\/agora.xtec.cat\/ceipgranullarius\/wp-content\/uploads\/usu769\/2021\/06\/2.-PORTADA-600-x-450-e1623057881198-300x225.jpg 300w, https:\/\/agora.xtec.cat\/ceipgranullarius\/wp-content\/uploads\/usu769\/2021\/06\/2.-PORTADA-600-x-450-e1623057881198-200x150.jpg 200w, https:\/\/agora.xtec.cat\/ceipgranullarius\/wp-content\/uploads\/usu769\/2021\/06\/2.-PORTADA-600-x-450-e1623057881198.jpg 600w\" sizes=\"auto, (max-width: 300px) 100vw, 300px\" \/><\/a><\/p>\n<p><span style=\"font-weight: 400;\">Durant aquest 3rt els grups de 4tA, 4tB i 4tC han tingut la sort de poder gaudir de les explicacions del periodista i submarinista Carles Xifr\u00e9, que el gener del 2019 va anar de viatge a l\u2019Ant\u00e0rtida, per col\u00b7laborar en una investigaci\u00f3 sobre les nanopart\u00edcules de pl\u00e0stic, i la pres\u00e8ncia o no d\u2019aquestes en aquelles aig\u00fces.\u00a0<\/span><\/p>\n<p><span style=\"font-weight: 400;\">Ens ha presentat tot un resum del que va ser m\u00e9s que un viatge: tota una experi\u00e8ncia! Capbussar-se en aquelles aig\u00fces no \u00e9s una tasca senzilla, si ja no ho \u00e9s mai, menys encara en l\u2019oce\u00e0 glacial Ant\u00e0rtic.\u00a0<\/span><\/p>\n<p><span style=\"font-weight: 400;\">Les seves an\u00e8cdotes i explicacions van fer gaudir i despertar l\u2019inter\u00e8s dels nostres alumnes, i va ajudar a prendre consci\u00e8ncia de l\u2019\u00fas excessiu que fem dels pl\u00e0stics, i com aquests afecten la vida dels animals marins, aix\u00ed com a la nostra pr\u00f2pia.<\/span><\/p>\n<p>&nbsp;<\/p>\n<p><span style=\"font-weight: 400;\">MOLTES GR\u00c0CIES!<\/span><\/p>\n<p><a href=\"https:\/\/photos.app.goo.gl\/iVDn57z16rtu1EGy7\">\u00c0lbum de fotos.<\/a><\/p>\n","protected":false},"excerpt":{"rendered":"<p><a href=\"https:\/\/agora.xtec.cat\/ceipgranullarius\/wp-content\/uploads\/usu769\/2021\/06\/2.-PORTADA-600-x-450.jpg\"><\/a><br \/>\nDurant aquest 3rt els grups de 4tA, 4tB i 4tC han tingut la sort de poder gaudir de les explicacions del periodista i submarinista Carles Xifr\u00e9, que el gener del 2019 va anar de viatge a l\u2019Ant\u00e0rtida, per col\u00b7laborar en una investigaci\u00f3 sobre les&hellip;  <a href=\"https:\/\/agora.xtec.cat\/ceipgranullarius\/portada\/xerrada-den-carles-xifre-viatge-a-lantartida-a-4t\/\" title=\"Read XERRADA D\u2019EN CARLES XIFR\u00c9. VIATGE A L\u2019ANT\u00c0RTIDA a 4t\">Llegeix m\u00e9s\u00bb<\/a><\/p>\n","protected":false},"author":1,"featured_media":1151,"comment_status":"closed","ping_status":"closed","sticky":false,"template":"","format":"standard","meta":{"_bbp_topic_count":0,"_bbp_reply_count":0,"_bbp_total_topic_count":0,"_bbp_total_reply_count":0,"_bbp_voice_count":0,"_bbp_anonymous_reply_count":0,"_bbp_topic_count_hidden":0,"_bbp_reply_count_hidden":0,"_bbp_forum_subforum_count":0,"footnotes":""},"categories":[13,4],"tags":[],"class_list":["post-2309","post","type-post","status-publish","format-standard","has-post-thumbnail","hentry","category-4t","category-portada"],"post_mailing_queue_ids":[],"_links":{"self":[{"href":"https:\/\/agora.xtec.cat\/ceipgranullarius\/wp-json\/wp\/v2\/posts\/2309","targetHints":{"allow":["GET"]}}],"collection":[{"href":"https:\/\/agora.xtec.cat\/ceipgranullarius\/wp-json\/wp\/v2\/posts"}],"about":[{"href":"https:\/\/agora.xtec.cat\/ceipgranullarius\/wp-json\/wp\/v2\/types\/post"}],"author":[{"embeddable":true,"href":"https:\/\/agora.xtec.cat\/ceipgranullarius\/wp-json\/wp\/v2\/users\/1"}],"replies":[{"embeddable":true,"href":"https:\/\/agora.xtec.cat\/ceipgranullarius\/wp-json\/wp\/v2\/comments?post=2309"}],"version-history":[{"count":1,"href":"https:\/\/agora.xtec.cat\/ceipgranullarius\/wp-json\/wp\/v2\/posts\/2309\/revisions"}],"predecessor-version":[{"id":2311,"href":"https:\/\/agora.xtec.cat\/ceipgranullarius\/wp-json\/wp\/v2\/posts\/2309\/revisions\/2311"}],"wp:featuredmedia":[{"embeddable":true,"href":"https:\/\/agora.xtec.cat\/ceipgranullarius\/wp-json\/wp\/v2\/media\/1151"}],"wp:attachment":[{"href":"https:\/\/agora.xtec.cat\/ceipgranullarius\/wp-json\/wp\/v2\/media?parent=2309"}],"wp:term":[{"taxonomy":"category","embeddable":true,"href":"https:\/\/agora.xtec.cat\/ceipgranullarius\/wp-json\/wp\/v2\/categories?post=2309"},{"taxonomy":"post_tag","embeddable":true,"href":"https:\/\/agora.xtec.cat\/ceipgranullarius\/wp-json\/wp\/v2\/tags?post=2309"}],"curies":[{"name":"wp","href":"https:\/\/api.w.org\/{rel}","templated":true}]}}