{"id":2290,"date":"2021-06-01T13:51:19","date_gmt":"2021-06-01T11:51:19","guid":{"rendered":"http:\/\/agora.xtec.cat\/ceipgranullarius\/?p=2290"},"modified":"2021-06-01T13:51:19","modified_gmt":"2021-06-01T11:51:19","slug":"sortida-parc-de-les-olors-2n-2","status":"publish","type":"post","link":"https:\/\/agora.xtec.cat\/ceipgranullarius\/portada\/sortida-parc-de-les-olors-2n-2\/","title":{"rendered":"SORTIDA PARC DE LES OLORS 2n"},"content":{"rendered":"<p style=\"text-align: center;\"><a href=\"https:\/\/agora.xtec.cat\/ceipgranullarius\/wp-content\/uploads\/usu769\/2021\/06\/portada-600-x-450.jpg\"><img loading=\"lazy\" decoding=\"async\" class=\"aligncenter size-medium wp-image-2291\" src=\"https:\/\/agora.xtec.cat\/ceipgranullarius\/wp-content\/uploads\/usu769\/2021\/06\/portada-600-x-450-300x225.jpg\" alt=\"\" width=\"300\" height=\"225\" srcset=\"https:\/\/agora.xtec.cat\/ceipgranullarius\/wp-content\/uploads\/usu769\/2021\/06\/portada-600-x-450-300x225.jpg 300w, https:\/\/agora.xtec.cat\/ceipgranullarius\/wp-content\/uploads\/usu769\/2021\/06\/portada-600-x-450-200x150.jpg 200w, https:\/\/agora.xtec.cat\/ceipgranullarius\/wp-content\/uploads\/usu769\/2021\/06\/portada-600-x-450.jpg 600w\" sizes=\"auto, (max-width: 300px) 100vw, 300px\" \/><\/a><\/p>\n<p><span style=\"font-weight: 400;\">El passat 17 de maig vam anar al Parc de le Olors a Santa Eul\u00e0lia Ron\u00e7ana. Ens van ensenyar moltes plantes, les vam veure, les vam\u00a0 olorar i fins i tot, en vam menjar algunes flors.<\/span><\/p>\n<p><span style=\"font-weight: 400;\">Tamb\u00e9 vam fer un saquet d\u2019olor amb flors d\u2019esp\u00edgol. Vam plantar un esqueix de menta de xocolata, a veure si ens viu a casa!!<\/span><\/p>\n<p><span style=\"font-weight: 400;\">Ens ho vam passar molt b\u00e9 al bosc despr\u00e9s de dinar. Va ser un dia fant\u00e0stic!!!<\/span><\/p>\n<p><a href=\"https:\/\/photos.app.goo.gl\/doPEnmJmSwSznbP1A\">\u00c0lbum de fotos.<\/a><\/p>\n<div id=\"gtx-trans\" style=\"position: absolute; left: -5px; top: 568.4px;\">\n<div class=\"gtx-trans-icon\"><\/div>\n<\/div>\n","protected":false},"excerpt":{"rendered":"<p><a href=\"https:\/\/agora.xtec.cat\/ceipgranullarius\/wp-content\/uploads\/usu769\/2021\/06\/portada-600-x-450.jpg\"><\/a><br \/>\nEl passat 17 de maig vam anar al Parc de le Olors a Santa Eul\u00e0lia Ron\u00e7ana. Ens van ensenyar moltes plantes, les vam veure, les vam\u00a0 olorar i fins i tot, en vam menjar algunes flors.<br \/>\nTamb\u00e9 vam fer un saquet d\u2019olor amb flors d\u2019esp\u00edgol.&hellip;  <a href=\"https:\/\/agora.xtec.cat\/ceipgranullarius\/portada\/sortida-parc-de-les-olors-2n-2\/\" title=\"Read SORTIDA PARC DE LES OLORS 2n\">Llegeix m\u00e9s\u00bb<\/a><\/p>\n","protected":false},"author":1,"featured_media":1151,"comment_status":"closed","ping_status":"closed","sticky":false,"template":"","format":"standard","meta":{"_bbp_topic_count":0,"_bbp_reply_count":0,"_bbp_total_topic_count":0,"_bbp_total_reply_count":0,"_bbp_voice_count":0,"_bbp_anonymous_reply_count":0,"_bbp_topic_count_hidden":0,"_bbp_reply_count_hidden":0,"_bbp_forum_subforum_count":0,"footnotes":""},"categories":[11,4],"tags":[],"class_list":["post-2290","post","type-post","status-publish","format-standard","has-post-thumbnail","hentry","category-2n","category-portada"],"post_mailing_queue_ids":[],"_links":{"self":[{"href":"https:\/\/agora.xtec.cat\/ceipgranullarius\/wp-json\/wp\/v2\/posts\/2290","targetHints":{"allow":["GET"]}}],"collection":[{"href":"https:\/\/agora.xtec.cat\/ceipgranullarius\/wp-json\/wp\/v2\/posts"}],"about":[{"href":"https:\/\/agora.xtec.cat\/ceipgranullarius\/wp-json\/wp\/v2\/types\/post"}],"author":[{"embeddable":true,"href":"https:\/\/agora.xtec.cat\/ceipgranullarius\/wp-json\/wp\/v2\/users\/1"}],"replies":[{"embeddable":true,"href":"https:\/\/agora.xtec.cat\/ceipgranullarius\/wp-json\/wp\/v2\/comments?post=2290"}],"version-history":[{"count":1,"href":"https:\/\/agora.xtec.cat\/ceipgranullarius\/wp-json\/wp\/v2\/posts\/2290\/revisions"}],"predecessor-version":[{"id":2292,"href":"https:\/\/agora.xtec.cat\/ceipgranullarius\/wp-json\/wp\/v2\/posts\/2290\/revisions\/2292"}],"wp:featuredmedia":[{"embeddable":true,"href":"https:\/\/agora.xtec.cat\/ceipgranullarius\/wp-json\/wp\/v2\/media\/1151"}],"wp:attachment":[{"href":"https:\/\/agora.xtec.cat\/ceipgranullarius\/wp-json\/wp\/v2\/media?parent=2290"}],"wp:term":[{"taxonomy":"category","embeddable":true,"href":"https:\/\/agora.xtec.cat\/ceipgranullarius\/wp-json\/wp\/v2\/categories?post=2290"},{"taxonomy":"post_tag","embeddable":true,"href":"https:\/\/agora.xtec.cat\/ceipgranullarius\/wp-json\/wp\/v2\/tags?post=2290"}],"curies":[{"name":"wp","href":"https:\/\/api.w.org\/{rel}","templated":true}]}}