{"id":2261,"date":"2021-05-25T13:06:25","date_gmt":"2021-05-25T11:06:25","guid":{"rendered":"http:\/\/agora.xtec.cat\/ceipgranullarius\/?p=2261"},"modified":"2021-05-25T13:06:25","modified_gmt":"2021-05-25T11:06:25","slug":"la-mona-de-pasqua-educacio-infantil","status":"publish","type":"post","link":"https:\/\/agora.xtec.cat\/ceipgranullarius\/educacio-infantil\/la-mona-de-pasqua-educacio-infantil\/","title":{"rendered":"LA MONA DE PASQUA EDUCACI\u00d3 INFANTIL"},"content":{"rendered":"<p style=\"text-align: center;\"><a href=\"https:\/\/agora.xtec.cat\/ceipgranullarius\/wp-content\/uploads\/usu769\/2021\/05\/PORTADA-1-1.jpg\"><img loading=\"lazy\" decoding=\"async\" class=\"aligncenter size-medium wp-image-2262\" src=\"https:\/\/agora.xtec.cat\/ceipgranullarius\/wp-content\/uploads\/usu769\/2021\/05\/PORTADA-1-1-300x225.jpg\" alt=\"\" width=\"300\" height=\"225\" srcset=\"https:\/\/agora.xtec.cat\/ceipgranullarius\/wp-content\/uploads\/usu769\/2021\/05\/PORTADA-1-1-300x225.jpg 300w, https:\/\/agora.xtec.cat\/ceipgranullarius\/wp-content\/uploads\/usu769\/2021\/05\/PORTADA-1-1-768x576.jpg 768w, https:\/\/agora.xtec.cat\/ceipgranullarius\/wp-content\/uploads\/usu769\/2021\/05\/PORTADA-1-1-1024x768.jpg 1024w, https:\/\/agora.xtec.cat\/ceipgranullarius\/wp-content\/uploads\/usu769\/2021\/05\/PORTADA-1-1-200x150.jpg 200w\" sizes=\"auto, (max-width: 300px) 100vw, 300px\" \/><\/a><\/p>\n<p><span style=\"font-weight: 400;\">AQUEST CURS TOTS ELS NENS I LES NENES D\u2019EDUCACI\u00d3 INFANTIL V\u00c0REM CELEBRAR LA PASQUA FENT UNA MONA MOLT DOL\u00c7A!<\/span><\/p>\n<p><span style=\"font-weight: 400;\">AMB UN DONUT,\u00a0 UN OU DE XOCOLATA I UNES PLOMES DE COLORS ENS V\u00c0REM FER UNA MONA BON\u00cdSSIMA!<\/span><\/p>\n<p><span style=\"font-weight: 400;\">MIREU, MIREU&#8230;<\/span><\/p>\n<p><a href=\"https:\/\/photos.app.goo.gl\/XVVezXYLKYREb2iL7\">\u00c0lbum de fotos.<\/a><\/p>\n<div id=\"gtx-trans\" style=\"position: absolute; left: -28px; top: 393.4px;\">\n<div class=\"gtx-trans-icon\"><\/div>\n<\/div>\n","protected":false},"excerpt":{"rendered":"<p><a href=\"https:\/\/agora.xtec.cat\/ceipgranullarius\/wp-content\/uploads\/usu769\/2021\/05\/PORTADA-1-1.jpg\"><\/a><br \/>\nAQUEST CURS TOTS ELS NENS I LES NENES D\u2019EDUCACI\u00d3 INFANTIL V\u00c0REM CELEBRAR LA PASQUA FENT UNA MONA MOLT DOL\u00c7A!<br \/>\nAMB UN DONUT,\u00a0 UN OU DE XOCOLATA I UNES PLOMES DE COLORS ENS V\u00c0REM FER UNA MONA BON\u00cdSSIMA!<br \/>\nMIREU, MIREU&#8230;<br \/>\n<a href=\"https:\/\/photos.app.goo.gl\/XVVezXYLKYREb2iL7\">\u00c0lbum de fotos.<\/a><\/p>\n","protected":false},"author":1,"featured_media":1151,"comment_status":"closed","ping_status":"closed","sticky":false,"template":"","format":"standard","meta":{"_bbp_topic_count":0,"_bbp_reply_count":0,"_bbp_total_topic_count":0,"_bbp_total_reply_count":0,"_bbp_voice_count":0,"_bbp_anonymous_reply_count":0,"_bbp_topic_count_hidden":0,"_bbp_reply_count_hidden":0,"_bbp_forum_subforum_count":0,"footnotes":""},"categories":[2,3,8,9,4],"tags":[],"class_list":["post-2261","post","type-post","status-publish","format-standard","has-post-thumbnail","hentry","category-educacio-infantil","category-i3","category-i4","category-i5","category-portada"],"post_mailing_queue_ids":[],"_links":{"self":[{"href":"https:\/\/agora.xtec.cat\/ceipgranullarius\/wp-json\/wp\/v2\/posts\/2261","targetHints":{"allow":["GET"]}}],"collection":[{"href":"https:\/\/agora.xtec.cat\/ceipgranullarius\/wp-json\/wp\/v2\/posts"}],"about":[{"href":"https:\/\/agora.xtec.cat\/ceipgranullarius\/wp-json\/wp\/v2\/types\/post"}],"author":[{"embeddable":true,"href":"https:\/\/agora.xtec.cat\/ceipgranullarius\/wp-json\/wp\/v2\/users\/1"}],"replies":[{"embeddable":true,"href":"https:\/\/agora.xtec.cat\/ceipgranullarius\/wp-json\/wp\/v2\/comments?post=2261"}],"version-history":[{"count":1,"href":"https:\/\/agora.xtec.cat\/ceipgranullarius\/wp-json\/wp\/v2\/posts\/2261\/revisions"}],"predecessor-version":[{"id":2263,"href":"https:\/\/agora.xtec.cat\/ceipgranullarius\/wp-json\/wp\/v2\/posts\/2261\/revisions\/2263"}],"wp:featuredmedia":[{"embeddable":true,"href":"https:\/\/agora.xtec.cat\/ceipgranullarius\/wp-json\/wp\/v2\/media\/1151"}],"wp:attachment":[{"href":"https:\/\/agora.xtec.cat\/ceipgranullarius\/wp-json\/wp\/v2\/media?parent=2261"}],"wp:term":[{"taxonomy":"category","embeddable":true,"href":"https:\/\/agora.xtec.cat\/ceipgranullarius\/wp-json\/wp\/v2\/categories?post=2261"},{"taxonomy":"post_tag","embeddable":true,"href":"https:\/\/agora.xtec.cat\/ceipgranullarius\/wp-json\/wp\/v2\/tags?post=2261"}],"curies":[{"name":"wp","href":"https:\/\/api.w.org\/{rel}","templated":true}]}}