{"id":2254,"date":"2021-05-25T12:01:38","date_gmt":"2021-05-25T10:01:38","guid":{"rendered":"http:\/\/agora.xtec.cat\/ceipgranullarius\/?p=2254"},"modified":"2021-05-25T12:03:28","modified_gmt":"2021-05-25T10:03:28","slug":"sortida-museu-de-la-pesca-1r","status":"publish","type":"post","link":"https:\/\/agora.xtec.cat\/ceipgranullarius\/portada\/sortida-museu-de-la-pesca-1r\/","title":{"rendered":"Sortida Museu de la Pesca 1r"},"content":{"rendered":"<p style=\"text-align: center;\"><a href=\"https:\/\/agora.xtec.cat\/ceipgranullarius\/wp-content\/uploads\/usu769\/2021\/05\/PORTADA-1.jpg\"><img loading=\"lazy\" decoding=\"async\" class=\"aligncenter size-medium wp-image-2255\" src=\"https:\/\/agora.xtec.cat\/ceipgranullarius\/wp-content\/uploads\/usu769\/2021\/05\/PORTADA-1-212x300.jpg\" alt=\"\" width=\"212\" height=\"300\" srcset=\"https:\/\/agora.xtec.cat\/ceipgranullarius\/wp-content\/uploads\/usu769\/2021\/05\/PORTADA-1-212x300.jpg 212w, https:\/\/agora.xtec.cat\/ceipgranullarius\/wp-content\/uploads\/usu769\/2021\/05\/PORTADA-1-768x1086.jpg 768w, https:\/\/agora.xtec.cat\/ceipgranullarius\/wp-content\/uploads\/usu769\/2021\/05\/PORTADA-1-724x1024.jpg 724w, https:\/\/agora.xtec.cat\/ceipgranullarius\/wp-content\/uploads\/usu769\/2021\/05\/PORTADA-1.jpg 1654w\" sizes=\"auto, (max-width: 212px) 100vw, 212px\" \/><\/a><\/p>\n<p><span style=\"font-weight: 400;\">El passat 18 de maig els nens i nenes de 1r vam fer una sortida al museu de la pesca de Palam\u00f3s. Tamb\u00e9 vam fer un taller de cuina, i vam poder fer de minixefs i cuinar una fideu\u00e0. Estava bon\u00edssima! Despr\u00e9s vam anar a dinar i jugar a la platja.<\/span><\/p>\n<p><span style=\"font-weight: 400;\">Ens ho vam passar d&#8217;all\u00f2 m\u00e9s b\u00e9!<\/span><\/p>\n<p><span style=\"font-weight: 400;\">Us deixem un reportatge fotogr\u00e0fic perqu\u00e8 ho pogueu veure vosaltres mateixos!<\/span><\/p>\n<p><a href=\"https:\/\/photos.app.goo.gl\/MBL321n5zWoHVKtH8\">\u00c0lbum de fotos.<\/a><\/p>\n","protected":false},"excerpt":{"rendered":"<p><a href=\"https:\/\/agora.xtec.cat\/ceipgranullarius\/wp-content\/uploads\/usu769\/2021\/05\/PORTADA-1.jpg\"><\/a><br \/>\nEl passat 18 de maig els nens i nenes de 1r vam fer una sortida al museu de la pesca de Palam\u00f3s. Tamb\u00e9 vam fer un taller de cuina, i vam poder fer de minixefs i cuinar una fideu\u00e0. Estava bon\u00edssima! Despr\u00e9s vam anar&hellip;  <a href=\"https:\/\/agora.xtec.cat\/ceipgranullarius\/portada\/sortida-museu-de-la-pesca-1r\/\" title=\"Read Sortida Museu de la Pesca 1r\">Llegeix m\u00e9s\u00bb<\/a><\/p>\n","protected":false},"author":1,"featured_media":1151,"comment_status":"closed","ping_status":"closed","sticky":false,"template":"","format":"standard","meta":{"_bbp_topic_count":0,"_bbp_reply_count":0,"_bbp_total_topic_count":0,"_bbp_total_reply_count":0,"_bbp_voice_count":0,"_bbp_anonymous_reply_count":0,"_bbp_topic_count_hidden":0,"_bbp_reply_count_hidden":0,"_bbp_forum_subforum_count":0,"footnotes":""},"categories":[10,4],"tags":[],"class_list":["post-2254","post","type-post","status-publish","format-standard","has-post-thumbnail","hentry","category-1r","category-portada"],"post_mailing_queue_ids":[],"_links":{"self":[{"href":"https:\/\/agora.xtec.cat\/ceipgranullarius\/wp-json\/wp\/v2\/posts\/2254","targetHints":{"allow":["GET"]}}],"collection":[{"href":"https:\/\/agora.xtec.cat\/ceipgranullarius\/wp-json\/wp\/v2\/posts"}],"about":[{"href":"https:\/\/agora.xtec.cat\/ceipgranullarius\/wp-json\/wp\/v2\/types\/post"}],"author":[{"embeddable":true,"href":"https:\/\/agora.xtec.cat\/ceipgranullarius\/wp-json\/wp\/v2\/users\/1"}],"replies":[{"embeddable":true,"href":"https:\/\/agora.xtec.cat\/ceipgranullarius\/wp-json\/wp\/v2\/comments?post=2254"}],"version-history":[{"count":2,"href":"https:\/\/agora.xtec.cat\/ceipgranullarius\/wp-json\/wp\/v2\/posts\/2254\/revisions"}],"predecessor-version":[{"id":2257,"href":"https:\/\/agora.xtec.cat\/ceipgranullarius\/wp-json\/wp\/v2\/posts\/2254\/revisions\/2257"}],"wp:featuredmedia":[{"embeddable":true,"href":"https:\/\/agora.xtec.cat\/ceipgranullarius\/wp-json\/wp\/v2\/media\/1151"}],"wp:attachment":[{"href":"https:\/\/agora.xtec.cat\/ceipgranullarius\/wp-json\/wp\/v2\/media?parent=2254"}],"wp:term":[{"taxonomy":"category","embeddable":true,"href":"https:\/\/agora.xtec.cat\/ceipgranullarius\/wp-json\/wp\/v2\/categories?post=2254"},{"taxonomy":"post_tag","embeddable":true,"href":"https:\/\/agora.xtec.cat\/ceipgranullarius\/wp-json\/wp\/v2\/tags?post=2254"}],"curies":[{"name":"wp","href":"https:\/\/api.w.org\/{rel}","templated":true}]}}