{"id":2240,"date":"2021-05-06T15:26:21","date_gmt":"2021-05-06T13:26:21","guid":{"rendered":"http:\/\/agora.xtec.cat\/ceipgranullarius\/?p=2240"},"modified":"2021-05-09T16:31:01","modified_gmt":"2021-05-09T14:31:01","slug":"colonies-de-4t-a-coma-ruga","status":"publish","type":"post","link":"https:\/\/agora.xtec.cat\/ceipgranullarius\/portada\/colonies-de-4t-a-coma-ruga\/","title":{"rendered":"Col\u00f2nies de 4t a Coma-ruga"},"content":{"rendered":"<p style=\"text-align: center;\"><a href=\"https:\/\/agora.xtec.cat\/ceipgranullarius\/wp-content\/uploads\/usu769\/2021\/05\/IMG-20210506-WA0022.jpg\"><img loading=\"lazy\" decoding=\"async\" class=\"aligncenter size-medium wp-image-2241\" src=\"https:\/\/agora.xtec.cat\/ceipgranullarius\/wp-content\/uploads\/usu769\/2021\/05\/IMG-20210506-WA0022-300x225.jpg\" alt=\"\" width=\"300\" height=\"225\" srcset=\"https:\/\/agora.xtec.cat\/ceipgranullarius\/wp-content\/uploads\/usu769\/2021\/05\/IMG-20210506-WA0022-300x225.jpg 300w, https:\/\/agora.xtec.cat\/ceipgranullarius\/wp-content\/uploads\/usu769\/2021\/05\/IMG-20210506-WA0022-768x576.jpg 768w, https:\/\/agora.xtec.cat\/ceipgranullarius\/wp-content\/uploads\/usu769\/2021\/05\/IMG-20210506-WA0022.jpg 1024w, https:\/\/agora.xtec.cat\/ceipgranullarius\/wp-content\/uploads\/usu769\/2021\/05\/IMG-20210506-WA0022-200x150.jpg 200w\" sizes=\"auto, (max-width: 300px) 100vw, 300px\" \/><\/a><\/p>\n<p>Per fi ha arribat el dia de les col\u00f2nies!<\/p>\n<p>Hem arribat b\u00e9 a Coma-ruga. Ens hem instal\u00b7lat i hem fet la primera activitat, despr\u00e9s hem dinat i estava tot molt bo!<\/p>\n<p><a href=\"https:\/\/photos.app.goo.gl\/hLyjDHJEYLJvkmka7\">Dijous 06\/05\/21.<\/a><\/p>\n<p>Ahir a la nit despr\u00e9s de sopar vam fer el joc de nit, ens ho vam passar molt b\u00e9! Despr\u00e9s ens va costar dormir, per\u00f2 ha anat tot molt b\u00e9 la nit. Aquest mat\u00ed hem esmorzat amb cara de son i despr\u00e9s hem estat fent jocs\u00a0 la platja.<\/p>\n<p><a href=\"https:\/\/photos.app.goo.gl\/2JNZx1Taf8JEsCoE9\">\u00c0lbum de fotos.<\/a><\/p>\n<p>Despr\u00e9s de jugar a la platja hem dinat i hem recollit les habitacions. Amb molta pena acabem les col\u00f2nies, ja estem a punt d&#8217;arribar a l&#8217;escola&#8230;<\/p>\n<p><a href=\"https:\/\/photos.app.goo.gl\/AB9bSzc6tTh6fc4T7\">Mireu quin panorama!<\/a><\/p>\n<div id=\"gtx-trans\" style=\"position: absolute; left: -10px; top: 604px;\">\n<div class=\"gtx-trans-icon\"><\/div>\n<\/div>\n","protected":false},"excerpt":{"rendered":"<p><a href=\"https:\/\/agora.xtec.cat\/ceipgranullarius\/wp-content\/uploads\/usu769\/2021\/05\/IMG-20210506-WA0022.jpg\"><\/a><br \/>\nPer fi ha arribat el dia de les col\u00f2nies!<br \/>\nHem arribat b\u00e9 a Coma-ruga. Ens hem instal\u00b7lat i hem fet la primera activitat, despr\u00e9s hem dinat i estava tot molt bo!<br \/>\n<a href=\"https:\/\/photos.app.goo.gl\/hLyjDHJEYLJvkmka7\">Dijous 06\/05\/21.<\/a><br \/>\nAhir a la nit despr\u00e9s de sopar vam fer el joc de nit,&hellip;  <a href=\"https:\/\/agora.xtec.cat\/ceipgranullarius\/portada\/colonies-de-4t-a-coma-ruga\/\" title=\"Read Col\u00f2nies de 4t a Coma-ruga\">Llegeix m\u00e9s\u00bb<\/a><\/p>\n","protected":false},"author":1,"featured_media":1151,"comment_status":"closed","ping_status":"closed","sticky":false,"template":"","format":"standard","meta":{"_bbp_topic_count":0,"_bbp_reply_count":0,"_bbp_total_topic_count":0,"_bbp_total_reply_count":0,"_bbp_voice_count":0,"_bbp_anonymous_reply_count":0,"_bbp_topic_count_hidden":0,"_bbp_reply_count_hidden":0,"_bbp_forum_subforum_count":0,"footnotes":""},"categories":[13,4],"tags":[],"class_list":["post-2240","post","type-post","status-publish","format-standard","has-post-thumbnail","hentry","category-4t","category-portada"],"post_mailing_queue_ids":[],"_links":{"self":[{"href":"https:\/\/agora.xtec.cat\/ceipgranullarius\/wp-json\/wp\/v2\/posts\/2240","targetHints":{"allow":["GET"]}}],"collection":[{"href":"https:\/\/agora.xtec.cat\/ceipgranullarius\/wp-json\/wp\/v2\/posts"}],"about":[{"href":"https:\/\/agora.xtec.cat\/ceipgranullarius\/wp-json\/wp\/v2\/types\/post"}],"author":[{"embeddable":true,"href":"https:\/\/agora.xtec.cat\/ceipgranullarius\/wp-json\/wp\/v2\/users\/1"}],"replies":[{"embeddable":true,"href":"https:\/\/agora.xtec.cat\/ceipgranullarius\/wp-json\/wp\/v2\/comments?post=2240"}],"version-history":[{"count":3,"href":"https:\/\/agora.xtec.cat\/ceipgranullarius\/wp-json\/wp\/v2\/posts\/2240\/revisions"}],"predecessor-version":[{"id":2247,"href":"https:\/\/agora.xtec.cat\/ceipgranullarius\/wp-json\/wp\/v2\/posts\/2240\/revisions\/2247"}],"wp:featuredmedia":[{"embeddable":true,"href":"https:\/\/agora.xtec.cat\/ceipgranullarius\/wp-json\/wp\/v2\/media\/1151"}],"wp:attachment":[{"href":"https:\/\/agora.xtec.cat\/ceipgranullarius\/wp-json\/wp\/v2\/media?parent=2240"}],"wp:term":[{"taxonomy":"category","embeddable":true,"href":"https:\/\/agora.xtec.cat\/ceipgranullarius\/wp-json\/wp\/v2\/categories?post=2240"},{"taxonomy":"post_tag","embeddable":true,"href":"https:\/\/agora.xtec.cat\/ceipgranullarius\/wp-json\/wp\/v2\/tags?post=2240"}],"curies":[{"name":"wp","href":"https:\/\/api.w.org\/{rel}","templated":true}]}}