{"id":2234,"date":"2021-05-06T10:36:44","date_gmt":"2021-05-06T08:36:44","guid":{"rendered":"http:\/\/agora.xtec.cat\/ceipgranullarius\/?p=2234"},"modified":"2021-05-06T10:36:44","modified_gmt":"2021-05-06T08:36:44","slug":"racons-matematics-del-3r-trimestre","status":"publish","type":"post","link":"https:\/\/agora.xtec.cat\/ceipgranullarius\/portada\/racons-matematics-del-3r-trimestre\/","title":{"rendered":"Racons matem\u00e0tics del 3r trimestre"},"content":{"rendered":"<p style=\"text-align: center;\"><a href=\"https:\/\/agora.xtec.cat\/ceipgranullarius\/wp-content\/uploads\/usu769\/2021\/05\/Foto-Portada-Racons-3r.jpg\"><img loading=\"lazy\" decoding=\"async\" class=\"aligncenter size-medium wp-image-2235\" src=\"https:\/\/agora.xtec.cat\/ceipgranullarius\/wp-content\/uploads\/usu769\/2021\/05\/Foto-Portada-Racons-3r-300x253.jpg\" alt=\"\" width=\"300\" height=\"253\" srcset=\"https:\/\/agora.xtec.cat\/ceipgranullarius\/wp-content\/uploads\/usu769\/2021\/05\/Foto-Portada-Racons-3r-300x253.jpg 300w, https:\/\/agora.xtec.cat\/ceipgranullarius\/wp-content\/uploads\/usu769\/2021\/05\/Foto-Portada-Racons-3r-768x647.jpg 768w, https:\/\/agora.xtec.cat\/ceipgranullarius\/wp-content\/uploads\/usu769\/2021\/05\/Foto-Portada-Racons-3r-1024x863.jpg 1024w\" sizes=\"auto, (max-width: 300px) 100vw, 300px\" \/><\/a><\/p>\n<p><span style=\"font-weight: 400;\">A 3r comencem quatre nous racons matem\u00e0tics. D\u2019una banda, practiquem els euros i els c\u00e8ntims amb la botigueta de 3r. Tamb\u00e9 continuem repassant les hores digitals i anal\u00f2giques amb un d\u00f2mino. Identifiquem coordenades amb un joc del Wally que hem creat. Finalment, continuem repassant les multiplicacions i divisions amb un altre d\u00f2mino.<\/span><\/p>\n<p><span style=\"font-weight: 400;\">Aprenem, jugant!<\/span><\/p>\n<p><a href=\"https:\/\/photos.app.goo.gl\/mff9kJ3TCvUUwyks9\">\u00c0lbum de fotos.<\/a><\/p>\n","protected":false},"excerpt":{"rendered":"<p><a href=\"https:\/\/agora.xtec.cat\/ceipgranullarius\/wp-content\/uploads\/usu769\/2021\/05\/Foto-Portada-Racons-3r.jpg\"><\/a><br \/>\nA 3r comencem quatre nous racons matem\u00e0tics. D\u2019una banda, practiquem els euros i els c\u00e8ntims amb la botigueta de 3r. Tamb\u00e9 continuem repassant les hores digitals i anal\u00f2giques amb un d\u00f2mino. Identifiquem coordenades amb un joc del Wally que hem creat. Finalment, continuem repassant&hellip;  <a href=\"https:\/\/agora.xtec.cat\/ceipgranullarius\/portada\/racons-matematics-del-3r-trimestre\/\" title=\"Read Racons matem\u00e0tics del 3r trimestre\">Llegeix m\u00e9s\u00bb<\/a><\/p>\n","protected":false},"author":1,"featured_media":1151,"comment_status":"closed","ping_status":"closed","sticky":false,"template":"","format":"standard","meta":{"_bbp_topic_count":0,"_bbp_reply_count":0,"_bbp_total_topic_count":0,"_bbp_total_reply_count":0,"_bbp_voice_count":0,"_bbp_anonymous_reply_count":0,"_bbp_topic_count_hidden":0,"_bbp_reply_count_hidden":0,"_bbp_forum_subforum_count":0,"footnotes":""},"categories":[12,4],"tags":[],"class_list":["post-2234","post","type-post","status-publish","format-standard","has-post-thumbnail","hentry","category-3r","category-portada"],"post_mailing_queue_ids":[],"_links":{"self":[{"href":"https:\/\/agora.xtec.cat\/ceipgranullarius\/wp-json\/wp\/v2\/posts\/2234","targetHints":{"allow":["GET"]}}],"collection":[{"href":"https:\/\/agora.xtec.cat\/ceipgranullarius\/wp-json\/wp\/v2\/posts"}],"about":[{"href":"https:\/\/agora.xtec.cat\/ceipgranullarius\/wp-json\/wp\/v2\/types\/post"}],"author":[{"embeddable":true,"href":"https:\/\/agora.xtec.cat\/ceipgranullarius\/wp-json\/wp\/v2\/users\/1"}],"replies":[{"embeddable":true,"href":"https:\/\/agora.xtec.cat\/ceipgranullarius\/wp-json\/wp\/v2\/comments?post=2234"}],"version-history":[{"count":1,"href":"https:\/\/agora.xtec.cat\/ceipgranullarius\/wp-json\/wp\/v2\/posts\/2234\/revisions"}],"predecessor-version":[{"id":2236,"href":"https:\/\/agora.xtec.cat\/ceipgranullarius\/wp-json\/wp\/v2\/posts\/2234\/revisions\/2236"}],"wp:featuredmedia":[{"embeddable":true,"href":"https:\/\/agora.xtec.cat\/ceipgranullarius\/wp-json\/wp\/v2\/media\/1151"}],"wp:attachment":[{"href":"https:\/\/agora.xtec.cat\/ceipgranullarius\/wp-json\/wp\/v2\/media?parent=2234"}],"wp:term":[{"taxonomy":"category","embeddable":true,"href":"https:\/\/agora.xtec.cat\/ceipgranullarius\/wp-json\/wp\/v2\/categories?post=2234"},{"taxonomy":"post_tag","embeddable":true,"href":"https:\/\/agora.xtec.cat\/ceipgranullarius\/wp-json\/wp\/v2\/tags?post=2234"}],"curies":[{"name":"wp","href":"https:\/\/api.w.org\/{rel}","templated":true}]}}