{"id":2222,"date":"2021-04-28T11:08:51","date_gmt":"2021-04-28T09:08:51","guid":{"rendered":"http:\/\/agora.xtec.cat\/ceipgranullarius\/?p=2222"},"modified":"2021-04-28T12:50:02","modified_gmt":"2021-04-28T10:50:02","slug":"dia-internacional-de-lactivitat-fisica","status":"publish","type":"post","link":"https:\/\/agora.xtec.cat\/ceipgranullarius\/educacio-infantil\/dia-internacional-de-lactivitat-fisica\/","title":{"rendered":"DIA INTERNACIONAL DE L\u2019ACTIVITAT F\u00cdSICA\u00a0"},"content":{"rendered":"<p style=\"text-align: center;\"><a href=\"https:\/\/agora.xtec.cat\/ceipgranullarius\/wp-content\/uploads\/usu769\/2021\/04\/PORTADA-600-x-337.jpg\"><img loading=\"lazy\" decoding=\"async\" class=\"aligncenter size-medium wp-image-2223\" src=\"https:\/\/agora.xtec.cat\/ceipgranullarius\/wp-content\/uploads\/usu769\/2021\/04\/PORTADA-600-x-337-300x169.jpg\" alt=\"\" width=\"300\" height=\"169\" srcset=\"https:\/\/agora.xtec.cat\/ceipgranullarius\/wp-content\/uploads\/usu769\/2021\/04\/PORTADA-600-x-337-300x169.jpg 300w, https:\/\/agora.xtec.cat\/ceipgranullarius\/wp-content\/uploads\/usu769\/2021\/04\/PORTADA-600-x-337.jpg 600w\" sizes=\"auto, (max-width: 300px) 100vw, 300px\" \/><\/a><\/p>\n<p><span style=\"font-weight: 400;\">El dia 6 d\u2019abril es celebra el dia Mundial de l\u2019activitat f\u00edsica\u00a0 amb l\u2019objectiu de promoure l\u2019activitat f\u00edsica i reduir el sedentarisme com a elements fonamentals de salut i benestar.<\/span><\/p>\n<p><span style=\"font-weight: 400;\">L\u2019activitat F\u00edsica \u00e9s una de les eines amb qu\u00e8 cada any fem realitat el nostre comprom\u00eds per promoure h\u00e0bits de vida activa, tant per a infants i adolescents com per a persones adultes i gent gran.<\/span><\/p>\n<p><span style=\"font-weight: 400;\">En aquest darrer any, els nostres h\u00e0bits de feina i oci han hagut de canviar, per\u00f2 no per aix\u00f2 han de convertir-se en h\u00e0bits sedentaris.<\/span><\/p>\n<p><span style=\"font-weight: 400;\">El lema d\u2019aquesta edici\u00f3 \u00e9s\u00a0<\/span><b>\u201cCada pas compta\u201d<\/b><span style=\"font-weight: 400;\">\u00a0anima a\u00a0 la ciutadania a fer-lo extensiu i dur a terme accions individuals o en els grups bombolla escolars.\u00a0<\/span><\/p>\n<p><span style=\"font-weight: 400;\">La proposta d\u2019aquest any han estat els salts,\u00a0 i aix\u00ed ho hem fet realitat amb tot l\u2019alumnat\u00a0 de la nostra\u00a0 escola que han aconseguit\u00a0 fer un circuit de xarranques al ritme de la m\u00fasica de la can\u00e7\u00f3 de Miquel Abr\u00e0s: \u201ccorre, salta, crida\u201d.<\/span><\/p>\n<p><a href=\"https:\/\/photos.app.goo.gl\/CjUf2cEPxqFSiM7y7\">\u00c0lbum de fotos.<\/a><\/p>\n<div id=\"gtx-trans\" style=\"position: absolute; left: -4px; top: 505.4px;\">\n<div class=\"gtx-trans-icon\"><\/div>\n<\/div>\n","protected":false},"excerpt":{"rendered":"<p><a href=\"https:\/\/agora.xtec.cat\/ceipgranullarius\/wp-content\/uploads\/usu769\/2021\/04\/PORTADA-600-x-337.jpg\"><\/a><br \/>\nEl dia 6 d\u2019abril es celebra el dia Mundial de l\u2019activitat f\u00edsica\u00a0 amb l\u2019objectiu de promoure l\u2019activitat f\u00edsica i reduir el sedentarisme com a elements fonamentals de salut i benestar.<br \/>\nL\u2019activitat F\u00edsica \u00e9s una de les eines amb qu\u00e8 cada any fem realitat el nostre&hellip;  <a href=\"https:\/\/agora.xtec.cat\/ceipgranullarius\/educacio-infantil\/dia-internacional-de-lactivitat-fisica\/\" title=\"Read DIA INTERNACIONAL DE L\u2019ACTIVITAT F\u00cdSICA\u00a0\">Llegeix m\u00e9s\u00bb<\/a><\/p>\n","protected":false},"author":1,"featured_media":1151,"comment_status":"closed","ping_status":"closed","sticky":false,"template":"","format":"standard","meta":{"_bbp_topic_count":0,"_bbp_reply_count":0,"_bbp_total_topic_count":0,"_bbp_total_reply_count":0,"_bbp_voice_count":0,"_bbp_anonymous_reply_count":0,"_bbp_topic_count_hidden":0,"_bbp_reply_count_hidden":0,"_bbp_forum_subforum_count":0,"footnotes":""},"categories":[10,11,12,13,14,15,2,3,8,9,4],"tags":[],"class_list":["post-2222","post","type-post","status-publish","format-standard","has-post-thumbnail","hentry","category-1r","category-2n","category-3r","category-4t","category-5e","category-6e","category-educacio-infantil","category-i3","category-i4","category-i5","category-portada"],"post_mailing_queue_ids":[],"_links":{"self":[{"href":"https:\/\/agora.xtec.cat\/ceipgranullarius\/wp-json\/wp\/v2\/posts\/2222","targetHints":{"allow":["GET"]}}],"collection":[{"href":"https:\/\/agora.xtec.cat\/ceipgranullarius\/wp-json\/wp\/v2\/posts"}],"about":[{"href":"https:\/\/agora.xtec.cat\/ceipgranullarius\/wp-json\/wp\/v2\/types\/post"}],"author":[{"embeddable":true,"href":"https:\/\/agora.xtec.cat\/ceipgranullarius\/wp-json\/wp\/v2\/users\/1"}],"replies":[{"embeddable":true,"href":"https:\/\/agora.xtec.cat\/ceipgranullarius\/wp-json\/wp\/v2\/comments?post=2222"}],"version-history":[{"count":2,"href":"https:\/\/agora.xtec.cat\/ceipgranullarius\/wp-json\/wp\/v2\/posts\/2222\/revisions"}],"predecessor-version":[{"id":2228,"href":"https:\/\/agora.xtec.cat\/ceipgranullarius\/wp-json\/wp\/v2\/posts\/2222\/revisions\/2228"}],"wp:featuredmedia":[{"embeddable":true,"href":"https:\/\/agora.xtec.cat\/ceipgranullarius\/wp-json\/wp\/v2\/media\/1151"}],"wp:attachment":[{"href":"https:\/\/agora.xtec.cat\/ceipgranullarius\/wp-json\/wp\/v2\/media?parent=2222"}],"wp:term":[{"taxonomy":"category","embeddable":true,"href":"https:\/\/agora.xtec.cat\/ceipgranullarius\/wp-json\/wp\/v2\/categories?post=2222"},{"taxonomy":"post_tag","embeddable":true,"href":"https:\/\/agora.xtec.cat\/ceipgranullarius\/wp-json\/wp\/v2\/tags?post=2222"}],"curies":[{"name":"wp","href":"https:\/\/api.w.org\/{rel}","templated":true}]}}