{"id":2207,"date":"2021-04-23T13:25:42","date_gmt":"2021-04-23T11:25:42","guid":{"rendered":"http:\/\/agora.xtec.cat\/ceipgranullarius\/?p=2207"},"modified":"2021-04-23T13:25:42","modified_gmt":"2021-04-23T11:25:42","slug":"taller-dansa-1r","status":"publish","type":"post","link":"https:\/\/agora.xtec.cat\/ceipgranullarius\/portada\/taller-dansa-1r\/","title":{"rendered":"Taller Dansa 1r"},"content":{"rendered":"<p style=\"text-align: center;\"><a href=\"https:\/\/agora.xtec.cat\/ceipgranullarius\/wp-content\/uploads\/usu769\/2021\/04\/2.-Portada.jpg\"><img loading=\"lazy\" decoding=\"async\" class=\"aligncenter size-medium wp-image-2208\" src=\"https:\/\/agora.xtec.cat\/ceipgranullarius\/wp-content\/uploads\/usu769\/2021\/04\/2.-Portada-300x300.jpg\" alt=\"\" width=\"300\" height=\"300\" srcset=\"https:\/\/agora.xtec.cat\/ceipgranullarius\/wp-content\/uploads\/usu769\/2021\/04\/2.-Portada-300x300.jpg 300w, https:\/\/agora.xtec.cat\/ceipgranullarius\/wp-content\/uploads\/usu769\/2021\/04\/2.-Portada-150x150.jpg 150w, https:\/\/agora.xtec.cat\/ceipgranullarius\/wp-content\/uploads\/usu769\/2021\/04\/2.-Portada-768x766.jpg 768w, https:\/\/agora.xtec.cat\/ceipgranullarius\/wp-content\/uploads\/usu769\/2021\/04\/2.-Portada.jpg 995w\" sizes=\"auto, (max-width: 300px) 100vw, 300px\" \/><\/a><\/p>\n<p><span style=\"font-weight: 400;\">Els nens i nenes de Primer hem fet un taller de Dansa dins del projecte de l&#8217;Ajuntament de Granollers Dansa a l&#8217;aula.\u00a0<\/span><\/p>\n<p><span style=\"font-weight: 400;\">La Gl\u00f2ria, la monitora del taller, ens ha ensenyat una forma molt divertida d&#8217;experimentar el moviment corporal, la creativitat i l&#8217;expressi\u00f3 a trav\u00e9s de la m\u00fasica i el ball.<\/span><\/p>\n<p><span style=\"font-weight: 400;\">A continuaci\u00f3 us deixem les fotos i v\u00eddeos perqu\u00e8 veieu com hem gaudit!<\/span><\/p>\n<p><span style=\"font-weight: 400;\">Ens ha agradat molt!<\/span><\/p>\n<p><a href=\"https:\/\/photos.app.goo.gl\/3wftUgMkFaonnm6w5\">\u00c0lbum de fotos.<\/a><\/p>\n<div id=\"gtx-trans\" style=\"position: absolute; left: -5px; top: 560.6px;\">\n<div class=\"gtx-trans-icon\"><\/div>\n<\/div>\n","protected":false},"excerpt":{"rendered":"<p><a href=\"https:\/\/agora.xtec.cat\/ceipgranullarius\/wp-content\/uploads\/usu769\/2021\/04\/2.-Portada.jpg\"><\/a><br \/>\nEls nens i nenes de Primer hem fet un taller de Dansa dins del projecte de l&#8217;Ajuntament de Granollers Dansa a l&#8217;aula.\u00a0<br \/>\nLa Gl\u00f2ria, la monitora del taller, ens ha ensenyat una forma molt divertida d&#8217;experimentar el moviment corporal, la creativitat i l&#8217;expressi\u00f3 a trav\u00e9s&hellip;  <a href=\"https:\/\/agora.xtec.cat\/ceipgranullarius\/portada\/taller-dansa-1r\/\" title=\"Read Taller Dansa 1r\">Llegeix m\u00e9s\u00bb<\/a><\/p>\n","protected":false},"author":1,"featured_media":1151,"comment_status":"closed","ping_status":"closed","sticky":false,"template":"","format":"standard","meta":{"_bbp_topic_count":0,"_bbp_reply_count":0,"_bbp_total_topic_count":0,"_bbp_total_reply_count":0,"_bbp_voice_count":0,"_bbp_anonymous_reply_count":0,"_bbp_topic_count_hidden":0,"_bbp_reply_count_hidden":0,"_bbp_forum_subforum_count":0,"footnotes":""},"categories":[10,4],"tags":[],"class_list":["post-2207","post","type-post","status-publish","format-standard","has-post-thumbnail","hentry","category-1r","category-portada"],"post_mailing_queue_ids":[],"_links":{"self":[{"href":"https:\/\/agora.xtec.cat\/ceipgranullarius\/wp-json\/wp\/v2\/posts\/2207","targetHints":{"allow":["GET"]}}],"collection":[{"href":"https:\/\/agora.xtec.cat\/ceipgranullarius\/wp-json\/wp\/v2\/posts"}],"about":[{"href":"https:\/\/agora.xtec.cat\/ceipgranullarius\/wp-json\/wp\/v2\/types\/post"}],"author":[{"embeddable":true,"href":"https:\/\/agora.xtec.cat\/ceipgranullarius\/wp-json\/wp\/v2\/users\/1"}],"replies":[{"embeddable":true,"href":"https:\/\/agora.xtec.cat\/ceipgranullarius\/wp-json\/wp\/v2\/comments?post=2207"}],"version-history":[{"count":1,"href":"https:\/\/agora.xtec.cat\/ceipgranullarius\/wp-json\/wp\/v2\/posts\/2207\/revisions"}],"predecessor-version":[{"id":2209,"href":"https:\/\/agora.xtec.cat\/ceipgranullarius\/wp-json\/wp\/v2\/posts\/2207\/revisions\/2209"}],"wp:featuredmedia":[{"embeddable":true,"href":"https:\/\/agora.xtec.cat\/ceipgranullarius\/wp-json\/wp\/v2\/media\/1151"}],"wp:attachment":[{"href":"https:\/\/agora.xtec.cat\/ceipgranullarius\/wp-json\/wp\/v2\/media?parent=2207"}],"wp:term":[{"taxonomy":"category","embeddable":true,"href":"https:\/\/agora.xtec.cat\/ceipgranullarius\/wp-json\/wp\/v2\/categories?post=2207"},{"taxonomy":"post_tag","embeddable":true,"href":"https:\/\/agora.xtec.cat\/ceipgranullarius\/wp-json\/wp\/v2\/tags?post=2207"}],"curies":[{"name":"wp","href":"https:\/\/api.w.org\/{rel}","templated":true}]}}