{"id":2204,"date":"2021-04-23T13:01:37","date_gmt":"2021-04-23T11:01:37","guid":{"rendered":"http:\/\/agora.xtec.cat\/ceipgranullarius\/?p=2204"},"modified":"2021-04-23T13:01:37","modified_gmt":"2021-04-23T11:01:37","slug":"sortida-can-ribas-1r-2","status":"publish","type":"post","link":"https:\/\/agora.xtec.cat\/ceipgranullarius\/portada\/sortida-can-ribas-1r-2\/","title":{"rendered":"Sortida Can Ribas 1r"},"content":{"rendered":"<p style=\"text-align: center;\"><a href=\"https:\/\/agora.xtec.cat\/ceipgranullarius\/wp-content\/uploads\/usu769\/2021\/04\/Portada.jpg\"><img loading=\"lazy\" decoding=\"async\" class=\"aligncenter size-medium wp-image-2205\" src=\"https:\/\/agora.xtec.cat\/ceipgranullarius\/wp-content\/uploads\/usu769\/2021\/04\/Portada-300x212.jpg\" alt=\"\" width=\"300\" height=\"212\" srcset=\"https:\/\/agora.xtec.cat\/ceipgranullarius\/wp-content\/uploads\/usu769\/2021\/04\/Portada-300x212.jpg 300w, https:\/\/agora.xtec.cat\/ceipgranullarius\/wp-content\/uploads\/usu769\/2021\/04\/Portada.jpg 466w\" sizes=\"auto, (max-width: 300px) 100vw, 300px\" \/><\/a><\/p>\n<p><span style=\"font-weight: 400;\">L&#8217;alumnat de 1r vam anar el passat dia 24 de novembre a Can Ribas. All\u00e0 vam fer un taller relacionat amb l&#8217;elaboraci\u00f3 de l&#8217;oli. Vam poder fer tot el proc\u00e9s: recollir les olives de l\u2019olivera, rentar-les, triturar-les, posar la pasta de les olives als cofins, premsar els cofins i finalment, fer la decantaci\u00f3 dels l\u00edquids.\u00a0<\/span><\/p>\n<p><span style=\"font-weight: 400;\">Vam berenar pa amb oli i vam gaudir jugant per les instal\u00b7lacions de la masia.<\/span><\/p>\n<p><a href=\"https:\/\/photos.app.goo.gl\/89c9FqBXGPMNL1RT6\">\u00c0lbum de fotos.<\/a><\/p>\n<div id=\"gtx-trans\" style=\"position: absolute; left: -6px; top: 407px;\">\n<div class=\"gtx-trans-icon\"><\/div>\n<\/div>\n","protected":false},"excerpt":{"rendered":"<p><a href=\"https:\/\/agora.xtec.cat\/ceipgranullarius\/wp-content\/uploads\/usu769\/2021\/04\/Portada.jpg\"><\/a><br \/>\nL&#8217;alumnat de 1r vam anar el passat dia 24 de novembre a Can Ribas. All\u00e0 vam fer un taller relacionat amb l&#8217;elaboraci\u00f3 de l&#8217;oli. Vam poder fer tot el proc\u00e9s: recollir les olives de l\u2019olivera, rentar-les, triturar-les, posar la pasta de les olives als&hellip;  <a href=\"https:\/\/agora.xtec.cat\/ceipgranullarius\/portada\/sortida-can-ribas-1r-2\/\" title=\"Read Sortida Can Ribas 1r\">Llegeix m\u00e9s\u00bb<\/a><\/p>\n","protected":false},"author":1,"featured_media":1151,"comment_status":"closed","ping_status":"closed","sticky":false,"template":"","format":"standard","meta":{"_bbp_topic_count":0,"_bbp_reply_count":0,"_bbp_total_topic_count":0,"_bbp_total_reply_count":0,"_bbp_voice_count":0,"_bbp_anonymous_reply_count":0,"_bbp_topic_count_hidden":0,"_bbp_reply_count_hidden":0,"_bbp_forum_subforum_count":0,"footnotes":""},"categories":[10,4],"tags":[],"class_list":["post-2204","post","type-post","status-publish","format-standard","has-post-thumbnail","hentry","category-1r","category-portada"],"post_mailing_queue_ids":[],"_links":{"self":[{"href":"https:\/\/agora.xtec.cat\/ceipgranullarius\/wp-json\/wp\/v2\/posts\/2204","targetHints":{"allow":["GET"]}}],"collection":[{"href":"https:\/\/agora.xtec.cat\/ceipgranullarius\/wp-json\/wp\/v2\/posts"}],"about":[{"href":"https:\/\/agora.xtec.cat\/ceipgranullarius\/wp-json\/wp\/v2\/types\/post"}],"author":[{"embeddable":true,"href":"https:\/\/agora.xtec.cat\/ceipgranullarius\/wp-json\/wp\/v2\/users\/1"}],"replies":[{"embeddable":true,"href":"https:\/\/agora.xtec.cat\/ceipgranullarius\/wp-json\/wp\/v2\/comments?post=2204"}],"version-history":[{"count":1,"href":"https:\/\/agora.xtec.cat\/ceipgranullarius\/wp-json\/wp\/v2\/posts\/2204\/revisions"}],"predecessor-version":[{"id":2206,"href":"https:\/\/agora.xtec.cat\/ceipgranullarius\/wp-json\/wp\/v2\/posts\/2204\/revisions\/2206"}],"wp:featuredmedia":[{"embeddable":true,"href":"https:\/\/agora.xtec.cat\/ceipgranullarius\/wp-json\/wp\/v2\/media\/1151"}],"wp:attachment":[{"href":"https:\/\/agora.xtec.cat\/ceipgranullarius\/wp-json\/wp\/v2\/media?parent=2204"}],"wp:term":[{"taxonomy":"category","embeddable":true,"href":"https:\/\/agora.xtec.cat\/ceipgranullarius\/wp-json\/wp\/v2\/categories?post=2204"},{"taxonomy":"post_tag","embeddable":true,"href":"https:\/\/agora.xtec.cat\/ceipgranullarius\/wp-json\/wp\/v2\/tags?post=2204"}],"curies":[{"name":"wp","href":"https:\/\/api.w.org\/{rel}","templated":true}]}}