{"id":2201,"date":"2021-04-20T18:50:16","date_gmt":"2021-04-20T16:50:16","guid":{"rendered":"http:\/\/agora.xtec.cat\/ceipgranullarius\/?p=2201"},"modified":"2021-04-20T18:50:16","modified_gmt":"2021-04-20T16:50:16","slug":"concurs-oncovalles-2","status":"publish","type":"post","link":"https:\/\/agora.xtec.cat\/ceipgranullarius\/portada\/concurs-oncovalles-2\/","title":{"rendered":"CONCURS ONCOVALL\u00c8S"},"content":{"rendered":"<p style=\"text-align: center;\"><a href=\"https:\/\/agora.xtec.cat\/ceipgranullarius\/wp-content\/uploads\/usu769\/2021\/04\/1.-PORTADA.jpeg\"><img loading=\"lazy\" decoding=\"async\" class=\"aligncenter size-medium wp-image-2202\" src=\"https:\/\/agora.xtec.cat\/ceipgranullarius\/wp-content\/uploads\/usu769\/2021\/04\/1.-PORTADA-300x225.jpeg\" alt=\"\" width=\"300\" height=\"225\" srcset=\"https:\/\/agora.xtec.cat\/ceipgranullarius\/wp-content\/uploads\/usu769\/2021\/04\/1.-PORTADA-300x225.jpeg 300w, https:\/\/agora.xtec.cat\/ceipgranullarius\/wp-content\/uploads\/usu769\/2021\/04\/1.-PORTADA-768x576.jpeg 768w, https:\/\/agora.xtec.cat\/ceipgranullarius\/wp-content\/uploads\/usu769\/2021\/04\/1.-PORTADA-1024x768.jpeg 1024w, https:\/\/agora.xtec.cat\/ceipgranullarius\/wp-content\/uploads\/usu769\/2021\/04\/1.-PORTADA-200x150.jpeg 200w\" sizes=\"auto, (max-width: 300px) 100vw, 300px\" \/><\/a><\/p>\n<p><b>Creativitat en temps de Covid:<\/b><\/p>\n<p><span style=\"font-weight: 400;\">El dia 4 de mar\u00e7 es va celebrar el lliurament de premis del Concurs Oncovall\u00e8s. Els guanyadors i les guanyadores de la <\/span><i><span style=\"font-weight: 400;\">Creativitat en temps de Covid<\/span><\/i><span style=\"font-weight: 400;\"> s\u00f3n:<\/span><\/p>\n<p><span style=\"font-weight: 400;\">&#8211; 5\u00e8A Luc\u00eda Medel Alba: Perqu\u00e8 dona import\u00e0ncia a les abra\u00e7ades.<\/span><\/p>\n<p><span style=\"font-weight: 400;\">&#8211; 4tAEdgar Pujades Belmar: Al millor amic.<\/span><\/p>\n<p><span style=\"font-weight: 400;\">&#8211; 3rA Martina Matamoros Coll: A la m\u00e9s amorosa<\/span><\/p>\n<p><span style=\"font-weight: 400;\">&#8211; 1rB Fatoumata Diko: A la m\u00e9s creativa<\/span><\/p>\n<p><span style=\"font-weight: 400;\">&#8211; 2nC Francesc Serrano Alcazar: Al\u2019amant dels animals<\/span><\/p>\n<p><span style=\"font-weight: 400;\">&#8211; 6\u00e8A Laura Pont Navarro: A la m\u00e9s conscient.<\/span><\/p>\n<p><a href=\"https:\/\/photos.app.goo.gl\/7FZG8tiqpsJF4tAy5\">\u00c0lbum de fotos.<\/a><\/p>\n","protected":false},"excerpt":{"rendered":"<p><a href=\"https:\/\/agora.xtec.cat\/ceipgranullarius\/wp-content\/uploads\/usu769\/2021\/04\/1.-PORTADA.jpeg\"><\/a><br \/>\nCreativitat en temps de Covid:<br \/>\nEl dia 4 de mar\u00e7 es va celebrar el lliurament de premis del Concurs Oncovall\u00e8s. Els guanyadors i les guanyadores de la Creativitat en temps de Covid s\u00f3n:<br \/>\n&#8211; 5\u00e8A Luc\u00eda Medel Alba: Perqu\u00e8 dona import\u00e0ncia a les abra\u00e7ades.<br \/>\n&#8211; 4tAEdgar Pujades&hellip;  <a href=\"https:\/\/agora.xtec.cat\/ceipgranullarius\/portada\/concurs-oncovalles-2\/\" title=\"Read CONCURS ONCOVALL\u00c8S\">Llegeix m\u00e9s\u00bb<\/a><\/p>\n","protected":false},"author":1,"featured_media":1151,"comment_status":"closed","ping_status":"closed","sticky":false,"template":"","format":"standard","meta":{"_bbp_topic_count":0,"_bbp_reply_count":0,"_bbp_total_topic_count":0,"_bbp_total_reply_count":0,"_bbp_voice_count":0,"_bbp_anonymous_reply_count":0,"_bbp_topic_count_hidden":0,"_bbp_reply_count_hidden":0,"_bbp_forum_subforum_count":0,"footnotes":""},"categories":[10,11,12,13,14,15,4],"tags":[],"class_list":["post-2201","post","type-post","status-publish","format-standard","has-post-thumbnail","hentry","category-1r","category-2n","category-3r","category-4t","category-5e","category-6e","category-portada"],"post_mailing_queue_ids":[],"_links":{"self":[{"href":"https:\/\/agora.xtec.cat\/ceipgranullarius\/wp-json\/wp\/v2\/posts\/2201","targetHints":{"allow":["GET"]}}],"collection":[{"href":"https:\/\/agora.xtec.cat\/ceipgranullarius\/wp-json\/wp\/v2\/posts"}],"about":[{"href":"https:\/\/agora.xtec.cat\/ceipgranullarius\/wp-json\/wp\/v2\/types\/post"}],"author":[{"embeddable":true,"href":"https:\/\/agora.xtec.cat\/ceipgranullarius\/wp-json\/wp\/v2\/users\/1"}],"replies":[{"embeddable":true,"href":"https:\/\/agora.xtec.cat\/ceipgranullarius\/wp-json\/wp\/v2\/comments?post=2201"}],"version-history":[{"count":1,"href":"https:\/\/agora.xtec.cat\/ceipgranullarius\/wp-json\/wp\/v2\/posts\/2201\/revisions"}],"predecessor-version":[{"id":2203,"href":"https:\/\/agora.xtec.cat\/ceipgranullarius\/wp-json\/wp\/v2\/posts\/2201\/revisions\/2203"}],"wp:featuredmedia":[{"embeddable":true,"href":"https:\/\/agora.xtec.cat\/ceipgranullarius\/wp-json\/wp\/v2\/media\/1151"}],"wp:attachment":[{"href":"https:\/\/agora.xtec.cat\/ceipgranullarius\/wp-json\/wp\/v2\/media?parent=2201"}],"wp:term":[{"taxonomy":"category","embeddable":true,"href":"https:\/\/agora.xtec.cat\/ceipgranullarius\/wp-json\/wp\/v2\/categories?post=2201"},{"taxonomy":"post_tag","embeddable":true,"href":"https:\/\/agora.xtec.cat\/ceipgranullarius\/wp-json\/wp\/v2\/tags?post=2201"}],"curies":[{"name":"wp","href":"https:\/\/api.w.org\/{rel}","templated":true}]}}