{"id":2195,"date":"2021-04-20T18:39:27","date_gmt":"2021-04-20T16:39:27","guid":{"rendered":"http:\/\/agora.xtec.cat\/ceipgranullarius\/?p=2195"},"modified":"2021-04-20T18:39:27","modified_gmt":"2021-04-20T16:39:27","slug":"classroom-language-at-3rd-grade","status":"publish","type":"post","link":"https:\/\/agora.xtec.cat\/ceipgranullarius\/portada\/classroom-language-at-3rd-grade\/","title":{"rendered":"Classroom Language at 3rd grade"},"content":{"rendered":"<p style=\"text-align: center;\"><a href=\"https:\/\/agora.xtec.cat\/ceipgranullarius\/wp-content\/uploads\/usu769\/2021\/04\/FOTO-PORTADA.png\"><img loading=\"lazy\" decoding=\"async\" class=\"aligncenter size-medium wp-image-2196\" src=\"https:\/\/agora.xtec.cat\/ceipgranullarius\/wp-content\/uploads\/usu769\/2021\/04\/FOTO-PORTADA-300x157.png\" alt=\"\" width=\"300\" height=\"157\" srcset=\"https:\/\/agora.xtec.cat\/ceipgranullarius\/wp-content\/uploads\/usu769\/2021\/04\/FOTO-PORTADA-300x157.png 300w, https:\/\/agora.xtec.cat\/ceipgranullarius\/wp-content\/uploads\/usu769\/2021\/04\/FOTO-PORTADA-768x402.png 768w, https:\/\/agora.xtec.cat\/ceipgranullarius\/wp-content\/uploads\/usu769\/2021\/04\/FOTO-PORTADA-1024x536.png 1024w, https:\/\/agora.xtec.cat\/ceipgranullarius\/wp-content\/uploads\/usu769\/2021\/04\/FOTO-PORTADA.png 1200w\" sizes=\"auto, (max-width: 300px) 100vw, 300px\" \/><\/a><\/p>\n<p><b> <\/b><span style=\"font-weight: 400;\">To help our students speak in English during the class, we have prepared a short video with some useful sentences, vocabulary and action verbs related to classroom language. Wonderful job everyone!<\/span><\/p>\n<p>&nbsp;<\/p>\n<p><span style=\"font-weight: 400;\">Per ajudar els nostres alumnes a parlar en angl\u00e8s durant la classe, hem preparat un petit v\u00eddeo amb frases \u00fatils, vocabulari i verbs relacionats amb el llenguatge de classe. Bona feina tothom!<\/span><\/p>\n<p>&nbsp;<\/p>\n<p><b>LINKS:<\/b><\/p>\n<p>&nbsp;<\/p>\n<ul>\n<li aria-level=\"1\"><b>3r A: <a href=\"https:\/\/youtu.be\/8OzjwZr92eM%C3%A7\"><span style=\"font-weight: 400;\">https:\/\/youtu.be\/8OzjwZr92eM\u00e7<\/span><\/a><\/b><\/li>\n<\/ul>\n<ul>\n<li aria-level=\"1\">3r B: <a href=\"https:\/\/youtu.be\/d5Glmp3K58w\"><span style=\"font-weight: 400;\">https:\/\/youtu.be\/d5Glmp3K58w<\/span><\/a><\/li>\n<\/ul>\n<ul>\n<li aria-level=\"1\">3r C: <a href=\"https:\/\/youtu.be\/vDvMbGxX9uk\"><span style=\"font-weight: 400;\">https:\/\/youtu.be\/vDvMbGxX9uk<\/span><\/a><\/li>\n<\/ul>\n<p>&nbsp;<\/p>\n<p>&nbsp;<\/p>\n","protected":false},"excerpt":{"rendered":"<p><a href=\"https:\/\/agora.xtec.cat\/ceipgranullarius\/wp-content\/uploads\/usu769\/2021\/04\/FOTO-PORTADA.png\"><\/a><br \/>\n To help our students speak in English during the class, we have prepared a short video with some useful sentences, vocabulary and action verbs related to classroom language. Wonderful job everyone!<br \/>\n&nbsp;<br \/>\nPer ajudar els nostres alumnes a parlar en angl\u00e8s durant la classe, hem&hellip;  <a href=\"https:\/\/agora.xtec.cat\/ceipgranullarius\/portada\/classroom-language-at-3rd-grade\/\" title=\"Read Classroom Language at 3rd grade\">Llegeix m\u00e9s\u00bb<\/a><\/p>\n","protected":false},"author":1,"featured_media":1151,"comment_status":"closed","ping_status":"closed","sticky":false,"template":"","format":"standard","meta":{"_bbp_topic_count":0,"_bbp_reply_count":0,"_bbp_total_topic_count":0,"_bbp_total_reply_count":0,"_bbp_voice_count":0,"_bbp_anonymous_reply_count":0,"_bbp_topic_count_hidden":0,"_bbp_reply_count_hidden":0,"_bbp_forum_subforum_count":0,"footnotes":""},"categories":[12,46,4],"tags":[],"class_list":["post-2195","post","type-post","status-publish","format-standard","has-post-thumbnail","hentry","category-3r","category-som-escola-gep","category-portada"],"post_mailing_queue_ids":[],"_links":{"self":[{"href":"https:\/\/agora.xtec.cat\/ceipgranullarius\/wp-json\/wp\/v2\/posts\/2195","targetHints":{"allow":["GET"]}}],"collection":[{"href":"https:\/\/agora.xtec.cat\/ceipgranullarius\/wp-json\/wp\/v2\/posts"}],"about":[{"href":"https:\/\/agora.xtec.cat\/ceipgranullarius\/wp-json\/wp\/v2\/types\/post"}],"author":[{"embeddable":true,"href":"https:\/\/agora.xtec.cat\/ceipgranullarius\/wp-json\/wp\/v2\/users\/1"}],"replies":[{"embeddable":true,"href":"https:\/\/agora.xtec.cat\/ceipgranullarius\/wp-json\/wp\/v2\/comments?post=2195"}],"version-history":[{"count":1,"href":"https:\/\/agora.xtec.cat\/ceipgranullarius\/wp-json\/wp\/v2\/posts\/2195\/revisions"}],"predecessor-version":[{"id":2197,"href":"https:\/\/agora.xtec.cat\/ceipgranullarius\/wp-json\/wp\/v2\/posts\/2195\/revisions\/2197"}],"wp:featuredmedia":[{"embeddable":true,"href":"https:\/\/agora.xtec.cat\/ceipgranullarius\/wp-json\/wp\/v2\/media\/1151"}],"wp:attachment":[{"href":"https:\/\/agora.xtec.cat\/ceipgranullarius\/wp-json\/wp\/v2\/media?parent=2195"}],"wp:term":[{"taxonomy":"category","embeddable":true,"href":"https:\/\/agora.xtec.cat\/ceipgranullarius\/wp-json\/wp\/v2\/categories?post=2195"},{"taxonomy":"post_tag","embeddable":true,"href":"https:\/\/agora.xtec.cat\/ceipgranullarius\/wp-json\/wp\/v2\/tags?post=2195"}],"curies":[{"name":"wp","href":"https:\/\/api.w.org\/{rel}","templated":true}]}}