{"id":2189,"date":"2021-04-09T11:03:44","date_gmt":"2021-04-09T09:03:44","guid":{"rendered":"http:\/\/agora.xtec.cat\/ceipgranullarius\/?p=2189"},"modified":"2021-04-09T11:03:44","modified_gmt":"2021-04-09T09:03:44","slug":"antoni-gaudi-1r","status":"publish","type":"post","link":"https:\/\/agora.xtec.cat\/ceipgranullarius\/portada\/antoni-gaudi-1r\/","title":{"rendered":"Antoni Gaud\u00ed 1r"},"content":{"rendered":"<p style=\"text-align: center;\"><a href=\"https:\/\/agora.xtec.cat\/ceipgranullarius\/wp-content\/uploads\/usu769\/2021\/04\/0000Portada-600-x-449.jpg\"><img loading=\"lazy\" decoding=\"async\" class=\"aligncenter size-medium wp-image-2190\" src=\"https:\/\/agora.xtec.cat\/ceipgranullarius\/wp-content\/uploads\/usu769\/2021\/04\/0000Portada-600-x-449-300x225.jpg\" alt=\"\" width=\"300\" height=\"225\" srcset=\"https:\/\/agora.xtec.cat\/ceipgranullarius\/wp-content\/uploads\/usu769\/2021\/04\/0000Portada-600-x-449-300x225.jpg 300w, https:\/\/agora.xtec.cat\/ceipgranullarius\/wp-content\/uploads\/usu769\/2021\/04\/0000Portada-600-x-449-200x150.jpg 200w, https:\/\/agora.xtec.cat\/ceipgranullarius\/wp-content\/uploads\/usu769\/2021\/04\/0000Portada-600-x-449.jpg 600w\" sizes=\"auto, (max-width: 300px) 100vw, 300px\" \/><\/a><\/p>\n<p><span style=\"font-weight: 400;\">Durant el segon trimestre els i les alumnes de 1r hem treballat l\u2019artista Antoni Gaud\u00ed, a pl\u00e0stica. Tot va comen\u00e7ar amb unes lletres que van anar arribant a la classe, amb les que vam formar el nom de \u201cGAUDI\u201d. Com que no sab\u00edem qu\u00e8 significava, vam decidir buscar informaci\u00f3 a casa. I aix\u00ed va ser com vam descobrir que aquelles lletres es referien a l\u2019arquitecte Antoni Gaud\u00ed.<\/span><\/p>\n<p><span style=\"font-weight: 400;\">Tamb\u00e9 vam rebre una carta a l\u2019escola que ens parlava d\u2019ell, de la seva vida i de les seves obres. En aquesta hi havia una foto seva.\u00a0<\/span><\/p>\n<p><span style=\"font-weight: 400;\">A partir d\u2019aqu\u00ed vam comen\u00e7ar a fer diferents activitats pl\u00e0stiques basades en les seves obres: Un drac amb puntillisme, una figura feta amb plastilina blanca que vam recobrir amb closques d\u2019ou pintades, simulant la t\u00e8cnica del trencad\u00eds, el sol que hi ha al Parc G\u00fcell fet amb trencad\u00eds de trossets de paper de xarol, vitralls dibuixant diferents formes corbes, punxant-les i cobrint-les per darrere amb paper de cel\u00b7lofana i, per acabar, el dibuix amb retolador prim negre d\u2019una de les obres de Gaud\u00ed, sobre un full de paper b\u00e0sic pintat amb caf\u00e8 l\u00edquid.\u00a0<\/span><\/p>\n<p><span style=\"font-weight: 400;\">Finalment, vam rebre una segona carta de comiat amb un regal.<\/span><\/p>\n<p><span style=\"font-weight: 400;\">Hem apr\u00e8s moltes coses sobre la vida i les obres d\u2019Antoni Gaud\u00ed.\u00a0<\/span><\/p>\n<p><span style=\"font-weight: 400;\">Quan pugueu podeu anar a Barcelona a visitar algunes de les seves obres, us encantaran!!!!<\/span><\/p>\n<p><a href=\"https:\/\/photos.app.goo.gl\/tLQS3EJhNo6HoJQbA\">\u00c0lbum de fotos.<\/a><\/p>\n<div id=\"gtx-trans\" style=\"position: absolute; left: -12px; top: 632.6px;\">\n<div class=\"gtx-trans-icon\"><\/div>\n<\/div>\n","protected":false},"excerpt":{"rendered":"<p><a href=\"https:\/\/agora.xtec.cat\/ceipgranullarius\/wp-content\/uploads\/usu769\/2021\/04\/0000Portada-600-x-449.jpg\"><\/a><br \/>\nDurant el segon trimestre els i les alumnes de 1r hem treballat l\u2019artista Antoni Gaud\u00ed, a pl\u00e0stica. Tot va comen\u00e7ar amb unes lletres que van anar arribant a la classe, amb les que vam formar el nom de \u201cGAUDI\u201d. Com que no sab\u00edem qu\u00e8&hellip;  <a href=\"https:\/\/agora.xtec.cat\/ceipgranullarius\/portada\/antoni-gaudi-1r\/\" title=\"Read Antoni Gaud\u00ed 1r\">Llegeix m\u00e9s\u00bb<\/a><\/p>\n","protected":false},"author":1,"featured_media":1151,"comment_status":"closed","ping_status":"closed","sticky":false,"template":"","format":"standard","meta":{"_bbp_topic_count":0,"_bbp_reply_count":0,"_bbp_total_topic_count":0,"_bbp_total_reply_count":0,"_bbp_voice_count":0,"_bbp_anonymous_reply_count":0,"_bbp_topic_count_hidden":0,"_bbp_reply_count_hidden":0,"_bbp_forum_subforum_count":0,"footnotes":""},"categories":[10,4],"tags":[],"class_list":["post-2189","post","type-post","status-publish","format-standard","has-post-thumbnail","hentry","category-1r","category-portada"],"post_mailing_queue_ids":[],"_links":{"self":[{"href":"https:\/\/agora.xtec.cat\/ceipgranullarius\/wp-json\/wp\/v2\/posts\/2189","targetHints":{"allow":["GET"]}}],"collection":[{"href":"https:\/\/agora.xtec.cat\/ceipgranullarius\/wp-json\/wp\/v2\/posts"}],"about":[{"href":"https:\/\/agora.xtec.cat\/ceipgranullarius\/wp-json\/wp\/v2\/types\/post"}],"author":[{"embeddable":true,"href":"https:\/\/agora.xtec.cat\/ceipgranullarius\/wp-json\/wp\/v2\/users\/1"}],"replies":[{"embeddable":true,"href":"https:\/\/agora.xtec.cat\/ceipgranullarius\/wp-json\/wp\/v2\/comments?post=2189"}],"version-history":[{"count":1,"href":"https:\/\/agora.xtec.cat\/ceipgranullarius\/wp-json\/wp\/v2\/posts\/2189\/revisions"}],"predecessor-version":[{"id":2191,"href":"https:\/\/agora.xtec.cat\/ceipgranullarius\/wp-json\/wp\/v2\/posts\/2189\/revisions\/2191"}],"wp:featuredmedia":[{"embeddable":true,"href":"https:\/\/agora.xtec.cat\/ceipgranullarius\/wp-json\/wp\/v2\/media\/1151"}],"wp:attachment":[{"href":"https:\/\/agora.xtec.cat\/ceipgranullarius\/wp-json\/wp\/v2\/media?parent=2189"}],"wp:term":[{"taxonomy":"category","embeddable":true,"href":"https:\/\/agora.xtec.cat\/ceipgranullarius\/wp-json\/wp\/v2\/categories?post=2189"},{"taxonomy":"post_tag","embeddable":true,"href":"https:\/\/agora.xtec.cat\/ceipgranullarius\/wp-json\/wp\/v2\/tags?post=2189"}],"curies":[{"name":"wp","href":"https:\/\/api.w.org\/{rel}","templated":true}]}}