{"id":2163,"date":"2021-03-25T10:37:19","date_gmt":"2021-03-25T09:37:19","guid":{"rendered":"http:\/\/agora.xtec.cat\/ceipgranullarius\/?p=2163"},"modified":"2021-03-25T10:37:19","modified_gmt":"2021-03-25T09:37:19","slug":"portes-obertes-2021","status":"publish","type":"post","link":"https:\/\/agora.xtec.cat\/ceipgranullarius\/general\/portes-obertes-2021\/","title":{"rendered":"Portes Obertes 2021"},"content":{"rendered":"<p style=\"text-align: center;\"><strong>PORTES OBERTES 2021<\/strong><\/p>\n<p><iframe loading=\"lazy\" src=\"\/\/www.youtube.com\/embed\/65_uOYS3wSE\" width=\"560\" height=\"314\" data-mce-fragment=\"1\"><\/iframe><\/p>\n<p style=\"text-align: center;\"><strong>RECORREGUT VIRTUAL PER L&#8217;ESCOLA GRANULLARIUS<\/strong><\/p>\n<table class=\" aligncenter\" style=\"height: 149px; width: 862px;\" width=\"903\">\n<tbody>\n<tr style=\"height: 136px;\">\n<td style=\"width: 212px; height: 136px;\"><a href=\"https:\/\/agora.xtec.cat\/ceipgranullarius\/wp-content\/uploads\/usu769\/2021\/03\/espais-exteriors.jpg\"><img loading=\"lazy\" decoding=\"async\" class=\"aligncenter size-full wp-image-2106\" src=\"https:\/\/agora.xtec.cat\/ceipgranullarius\/wp-content\/uploads\/usu769\/2021\/03\/espais-exteriors.jpg\" alt=\"\" width=\"250\" height=\"125\" \/><\/a><\/p>\n<p><a href=\"https:\/\/youtu.be\/Bt_kfGi-l3Q\">Veure v\u00eddeo<\/a><\/td>\n<td style=\"width: 212.8px; height: 136px;\"><a href=\"https:\/\/agora.xtec.cat\/ceipgranullarius\/wp-content\/uploads\/usu769\/2021\/03\/planta-baixa.jpg\"><img loading=\"lazy\" decoding=\"async\" class=\"aligncenter size-full wp-image-2108\" src=\"https:\/\/agora.xtec.cat\/ceipgranullarius\/wp-content\/uploads\/usu769\/2021\/03\/planta-baixa.jpg\" alt=\"\" width=\"250\" height=\"125\" \/><\/a><\/p>\n<p><a href=\"https:\/\/youtu.be\/roCVmlvpz5g\">Veure v\u00eddeo<\/a><\/td>\n<td style=\"width: 213.6px; height: 136px;\"><a href=\"https:\/\/agora.xtec.cat\/ceipgranullarius\/wp-content\/uploads\/usu769\/2021\/03\/primera-planta.jpg\"><img loading=\"lazy\" decoding=\"async\" class=\"aligncenter size-full wp-image-2107\" src=\"https:\/\/agora.xtec.cat\/ceipgranullarius\/wp-content\/uploads\/usu769\/2021\/03\/primera-planta.jpg\" alt=\"\" width=\"250\" height=\"125\" \/><\/a><\/p>\n<p><a href=\"https:\/\/youtu.be\/RT3y3D6V3pM\">Veure v\u00eddeo<\/a><\/td>\n<td style=\"width: 213.6px; height: 136px;\"><a href=\"https:\/\/agora.xtec.cat\/ceipgranullarius\/wp-content\/uploads\/usu769\/2021\/03\/segona-planta.jpg\"><img loading=\"lazy\" decoding=\"async\" class=\"aligncenter size-full wp-image-2109\" src=\"https:\/\/agora.xtec.cat\/ceipgranullarius\/wp-content\/uploads\/usu769\/2021\/03\/segona-planta.jpg\" alt=\"\" width=\"250\" height=\"125\" \/><\/a><\/p>\n<p><a href=\"https:\/\/youtu.be\/J2-MYnbIOGg\">Veure v\u00eddeo<\/a><\/td>\n<\/tr>\n<\/tbody>\n<\/table>\n<p dir=\"ltr\" style=\"text-align: left;\"><strong>Aclariment<\/strong>: al v\u00eddeo veureu que molts grups estan organitzats amb les taules individualment. Aquesta no \u00e9s la din\u00e0mica habitual de la nostra escola, ja que potenciem el treball en parelles i en petits grups.<\/p>\n<p dir=\"ltr\" style=\"text-align: left;\">El treball individual i les taules separades \u00e9s degut a les mesures preventives per evitar els contagis de la Covid-19.<\/p>\n","protected":false},"excerpt":{"rendered":"<p>PORTES OBERTES 2021<\/p>\n<p>RECORREGUT VIRTUAL PER L&#8217;ESCOLA GRANULLARIUS<\/p>\n<p><a href=\"https:\/\/agora.xtec.cat\/ceipgranullarius\/wp-content\/uploads\/usu769\/2021\/03\/espais-exteriors.jpg\"><\/a><br \/>\n<a href=\"https:\/\/youtu.be\/Bt_kfGi-l3Q\">Veure v\u00eddeo<\/a><br \/>\n<a href=\"https:\/\/agora.xtec.cat\/ceipgranullarius\/wp-content\/uploads\/usu769\/2021\/03\/planta-baixa.jpg\"><\/a><br \/>\n<a href=\"https:\/\/youtu.be\/roCVmlvpz5g\">Veure v\u00eddeo<\/a><br \/>\n<a href=\"https:\/\/agora.xtec.cat\/ceipgranullarius\/wp-content\/uploads\/usu769\/2021\/03\/primera-planta.jpg\"><\/a><br \/>\n<a href=\"https:\/\/youtu.be\/RT3y3D6V3pM\">Veure v\u00eddeo<\/a><br \/>\n<a href=\"https:\/\/agora.xtec.cat\/ceipgranullarius\/wp-content\/uploads\/usu769\/2021\/03\/segona-planta.jpg\"><\/a><br \/>\n<a href=\"https:\/\/youtu.be\/J2-MYnbIOGg\">Veure v\u00eddeo<\/a><\/p>\n<p>Aclariment: al v\u00eddeo veureu que molts grups estan organitzats amb les taules individualment. Aquesta no \u00e9s la din\u00e0mica habitual de la nostra escola, ja que potenciem el&hellip;  <a href=\"https:\/\/agora.xtec.cat\/ceipgranullarius\/general\/portes-obertes-2021\/\" title=\"Read Portes Obertes 2021\">Llegeix m\u00e9s\u00bb<\/a><\/p>\n","protected":false},"author":1,"featured_media":0,"comment_status":"open","ping_status":"closed","sticky":false,"template":"","format":"standard","meta":{"_bbp_topic_count":0,"_bbp_reply_count":0,"_bbp_total_topic_count":0,"_bbp_total_reply_count":0,"_bbp_voice_count":0,"_bbp_anonymous_reply_count":0,"_bbp_topic_count_hidden":0,"_bbp_reply_count_hidden":0,"_bbp_forum_subforum_count":0,"footnotes":""},"categories":[2,1],"tags":[],"class_list":["post-2163","post","type-post","status-publish","format-standard","hentry","category-educacio-infantil","category-general"],"post_mailing_queue_ids":[],"_links":{"self":[{"href":"https:\/\/agora.xtec.cat\/ceipgranullarius\/wp-json\/wp\/v2\/posts\/2163","targetHints":{"allow":["GET"]}}],"collection":[{"href":"https:\/\/agora.xtec.cat\/ceipgranullarius\/wp-json\/wp\/v2\/posts"}],"about":[{"href":"https:\/\/agora.xtec.cat\/ceipgranullarius\/wp-json\/wp\/v2\/types\/post"}],"author":[{"embeddable":true,"href":"https:\/\/agora.xtec.cat\/ceipgranullarius\/wp-json\/wp\/v2\/users\/1"}],"replies":[{"embeddable":true,"href":"https:\/\/agora.xtec.cat\/ceipgranullarius\/wp-json\/wp\/v2\/comments?post=2163"}],"version-history":[{"count":1,"href":"https:\/\/agora.xtec.cat\/ceipgranullarius\/wp-json\/wp\/v2\/posts\/2163\/revisions"}],"predecessor-version":[{"id":2164,"href":"https:\/\/agora.xtec.cat\/ceipgranullarius\/wp-json\/wp\/v2\/posts\/2163\/revisions\/2164"}],"wp:attachment":[{"href":"https:\/\/agora.xtec.cat\/ceipgranullarius\/wp-json\/wp\/v2\/media?parent=2163"}],"wp:term":[{"taxonomy":"category","embeddable":true,"href":"https:\/\/agora.xtec.cat\/ceipgranullarius\/wp-json\/wp\/v2\/categories?post=2163"},{"taxonomy":"post_tag","embeddable":true,"href":"https:\/\/agora.xtec.cat\/ceipgranullarius\/wp-json\/wp\/v2\/tags?post=2163"}],"curies":[{"name":"wp","href":"https:\/\/api.w.org\/{rel}","templated":true}]}}