{"id":2141,"date":"2021-03-23T11:35:12","date_gmt":"2021-03-23T10:35:12","guid":{"rendered":"http:\/\/agora.xtec.cat\/ceipgranullarius\/?p=2141"},"modified":"2021-03-23T11:35:12","modified_gmt":"2021-03-23T10:35:12","slug":"fort-i-fluix-musica-1r","status":"publish","type":"post","link":"https:\/\/agora.xtec.cat\/ceipgranullarius\/portada\/fort-i-fluix-musica-1r\/","title":{"rendered":"Fort i fluix &#8211; m\u00fasica 1r"},"content":{"rendered":"<p style=\"text-align: center;\"><a href=\"https:\/\/agora.xtec.cat\/ceipgranullarius\/wp-content\/uploads\/usu769\/2021\/03\/1.-PORTADA.jpg\"><img loading=\"lazy\" decoding=\"async\" class=\"aligncenter size-medium wp-image-2142\" src=\"https:\/\/agora.xtec.cat\/ceipgranullarius\/wp-content\/uploads\/usu769\/2021\/03\/1.-PORTADA-194x300.jpg\" alt=\"\" width=\"194\" height=\"300\" srcset=\"https:\/\/agora.xtec.cat\/ceipgranullarius\/wp-content\/uploads\/usu769\/2021\/03\/1.-PORTADA-194x300.jpg 194w, https:\/\/agora.xtec.cat\/ceipgranullarius\/wp-content\/uploads\/usu769\/2021\/03\/1.-PORTADA.jpg 375w\" sizes=\"auto, (max-width: 194px) 100vw, 194px\" \/><\/a><\/p>\n<p><span style=\"font-weight: 400;\">A les classes de 1r a l\u2019hora de m\u00fasica hem treballat la qualitat del so, diferenciant el FORT i el FLUIX a trav\u00e9s de la can\u00e7\u00f3 Aire en Eco de Delalande.\u00a0<\/span><\/p>\n<p><span style=\"font-weight: 400;\">Quan sona fort ens posem drets i dretes i quan sona fluix seiem a la cadira, ho podeu veure en els <a href=\"https:\/\/photos.app.goo.gl\/dFCKEH4S3pmiH18T8\">seg\u00fcents v\u00eddeos<\/a>!<\/span><\/p>\n","protected":false},"excerpt":{"rendered":"<p><a href=\"https:\/\/agora.xtec.cat\/ceipgranullarius\/wp-content\/uploads\/usu769\/2021\/03\/1.-PORTADA.jpg\"><\/a><br \/>\nA les classes de 1r a l\u2019hora de m\u00fasica hem treballat la qualitat del so, diferenciant el FORT i el FLUIX a trav\u00e9s de la can\u00e7\u00f3 Aire en Eco de Delalande.\u00a0<br \/>\nQuan sona fort ens posem drets i dretes i quan sona fluix seiem a&hellip;  <a href=\"https:\/\/agora.xtec.cat\/ceipgranullarius\/portada\/fort-i-fluix-musica-1r\/\" title=\"Read Fort i fluix &#8211; m\u00fasica 1r\">Llegeix m\u00e9s\u00bb<\/a><\/p>\n","protected":false},"author":1,"featured_media":1151,"comment_status":"closed","ping_status":"closed","sticky":false,"template":"","format":"standard","meta":{"_bbp_topic_count":0,"_bbp_reply_count":0,"_bbp_total_topic_count":0,"_bbp_total_reply_count":0,"_bbp_voice_count":0,"_bbp_anonymous_reply_count":0,"_bbp_topic_count_hidden":0,"_bbp_reply_count_hidden":0,"_bbp_forum_subforum_count":0,"footnotes":""},"categories":[10,4],"tags":[],"class_list":["post-2141","post","type-post","status-publish","format-standard","has-post-thumbnail","hentry","category-1r","category-portada"],"post_mailing_queue_ids":[],"_links":{"self":[{"href":"https:\/\/agora.xtec.cat\/ceipgranullarius\/wp-json\/wp\/v2\/posts\/2141","targetHints":{"allow":["GET"]}}],"collection":[{"href":"https:\/\/agora.xtec.cat\/ceipgranullarius\/wp-json\/wp\/v2\/posts"}],"about":[{"href":"https:\/\/agora.xtec.cat\/ceipgranullarius\/wp-json\/wp\/v2\/types\/post"}],"author":[{"embeddable":true,"href":"https:\/\/agora.xtec.cat\/ceipgranullarius\/wp-json\/wp\/v2\/users\/1"}],"replies":[{"embeddable":true,"href":"https:\/\/agora.xtec.cat\/ceipgranullarius\/wp-json\/wp\/v2\/comments?post=2141"}],"version-history":[{"count":1,"href":"https:\/\/agora.xtec.cat\/ceipgranullarius\/wp-json\/wp\/v2\/posts\/2141\/revisions"}],"predecessor-version":[{"id":2143,"href":"https:\/\/agora.xtec.cat\/ceipgranullarius\/wp-json\/wp\/v2\/posts\/2141\/revisions\/2143"}],"wp:featuredmedia":[{"embeddable":true,"href":"https:\/\/agora.xtec.cat\/ceipgranullarius\/wp-json\/wp\/v2\/media\/1151"}],"wp:attachment":[{"href":"https:\/\/agora.xtec.cat\/ceipgranullarius\/wp-json\/wp\/v2\/media?parent=2141"}],"wp:term":[{"taxonomy":"category","embeddable":true,"href":"https:\/\/agora.xtec.cat\/ceipgranullarius\/wp-json\/wp\/v2\/categories?post=2141"},{"taxonomy":"post_tag","embeddable":true,"href":"https:\/\/agora.xtec.cat\/ceipgranullarius\/wp-json\/wp\/v2\/tags?post=2141"}],"curies":[{"name":"wp","href":"https:\/\/api.w.org\/{rel}","templated":true}]}}