{"id":2121,"date":"2021-03-09T11:13:15","date_gmt":"2021-03-09T10:13:15","guid":{"rendered":"http:\/\/agora.xtec.cat\/ceipgranullarius\/?p=2121"},"modified":"2021-03-09T11:13:15","modified_gmt":"2021-03-09T10:13:15","slug":"radio-granullarius","status":"publish","type":"post","link":"https:\/\/agora.xtec.cat\/ceipgranullarius\/portada\/radio-granullarius\/","title":{"rendered":"R\u00e0dio Granullarius"},"content":{"rendered":"<p style=\"text-align: center;\"><a href=\"https:\/\/agora.xtec.cat\/ceipgranullarius\/wp-content\/uploads\/usu769\/2021\/03\/1.PORTADA.jpg\"><img loading=\"lazy\" decoding=\"async\" class=\"aligncenter size-full wp-image-2122\" src=\"https:\/\/agora.xtec.cat\/ceipgranullarius\/wp-content\/uploads\/usu769\/2021\/03\/1.PORTADA.jpg\" alt=\"\" width=\"450\" height=\"600\" srcset=\"https:\/\/agora.xtec.cat\/ceipgranullarius\/wp-content\/uploads\/usu769\/2021\/03\/1.PORTADA.jpg 450w, https:\/\/agora.xtec.cat\/ceipgranullarius\/wp-content\/uploads\/usu769\/2021\/03\/1.PORTADA-225x300.jpg 225w\" sizes=\"auto, (max-width: 450px) 100vw, 450px\" \/><\/a><\/p>\n<p><span style=\"font-weight: 400;\">El passat mes de febrer vam engegar a l\u2019escola un projecte que ten\u00edem moltes ganes de comen\u00e7ar, el programa diari de <\/span><b>R\u00e0dio Granullarius<\/b><span style=\"font-weight: 400;\">, presentat per les nenes i nens de 5\u00e8 de l\u2019escola, que s\u00f3n els i les encarregades d\u2019explicar les activitats i sortides previstes per aquell dia, els aniversaris d\u2019alumnes i mestres, la previsi\u00f3 del temps o qualsevol cosa significativa que considerin important transmetre.<\/span><\/p>\n<p><span style=\"font-weight: 400;\">Aqu\u00ed us deixem un recull de fotos dels primers\/es locutors\/es!<\/span><\/p>\n<p><a href=\"https:\/\/photos.app.goo.gl\/YKMBStX9Ze6C9niA8\">\u00c0lbum de fotos.<\/a><\/p>\n","protected":false},"excerpt":{"rendered":"<p><a href=\"https:\/\/agora.xtec.cat\/ceipgranullarius\/wp-content\/uploads\/usu769\/2021\/03\/1.PORTADA.jpg\"><\/a><br \/>\nEl passat mes de febrer vam engegar a l\u2019escola un projecte que ten\u00edem moltes ganes de comen\u00e7ar, el programa diari de R\u00e0dio Granullarius, presentat per les nenes i nens de 5\u00e8 de l\u2019escola, que s\u00f3n els i les encarregades d\u2019explicar les activitats i sortides&hellip;  <a href=\"https:\/\/agora.xtec.cat\/ceipgranullarius\/portada\/radio-granullarius\/\" title=\"Read R\u00e0dio Granullarius\">Llegeix m\u00e9s\u00bb<\/a><\/p>\n","protected":false},"author":1,"featured_media":1151,"comment_status":"closed","ping_status":"closed","sticky":false,"template":"","format":"standard","meta":{"_bbp_topic_count":0,"_bbp_reply_count":0,"_bbp_total_topic_count":0,"_bbp_total_reply_count":0,"_bbp_voice_count":0,"_bbp_anonymous_reply_count":0,"_bbp_topic_count_hidden":0,"_bbp_reply_count_hidden":0,"_bbp_forum_subforum_count":0,"footnotes":""},"categories":[4],"tags":[],"class_list":["post-2121","post","type-post","status-publish","format-standard","has-post-thumbnail","hentry","category-portada"],"post_mailing_queue_ids":[],"_links":{"self":[{"href":"https:\/\/agora.xtec.cat\/ceipgranullarius\/wp-json\/wp\/v2\/posts\/2121","targetHints":{"allow":["GET"]}}],"collection":[{"href":"https:\/\/agora.xtec.cat\/ceipgranullarius\/wp-json\/wp\/v2\/posts"}],"about":[{"href":"https:\/\/agora.xtec.cat\/ceipgranullarius\/wp-json\/wp\/v2\/types\/post"}],"author":[{"embeddable":true,"href":"https:\/\/agora.xtec.cat\/ceipgranullarius\/wp-json\/wp\/v2\/users\/1"}],"replies":[{"embeddable":true,"href":"https:\/\/agora.xtec.cat\/ceipgranullarius\/wp-json\/wp\/v2\/comments?post=2121"}],"version-history":[{"count":1,"href":"https:\/\/agora.xtec.cat\/ceipgranullarius\/wp-json\/wp\/v2\/posts\/2121\/revisions"}],"predecessor-version":[{"id":2123,"href":"https:\/\/agora.xtec.cat\/ceipgranullarius\/wp-json\/wp\/v2\/posts\/2121\/revisions\/2123"}],"wp:featuredmedia":[{"embeddable":true,"href":"https:\/\/agora.xtec.cat\/ceipgranullarius\/wp-json\/wp\/v2\/media\/1151"}],"wp:attachment":[{"href":"https:\/\/agora.xtec.cat\/ceipgranullarius\/wp-json\/wp\/v2\/media?parent=2121"}],"wp:term":[{"taxonomy":"category","embeddable":true,"href":"https:\/\/agora.xtec.cat\/ceipgranullarius\/wp-json\/wp\/v2\/categories?post=2121"},{"taxonomy":"post_tag","embeddable":true,"href":"https:\/\/agora.xtec.cat\/ceipgranullarius\/wp-json\/wp\/v2\/tags?post=2121"}],"curies":[{"name":"wp","href":"https:\/\/api.w.org\/{rel}","templated":true}]}}