{"id":2075,"date":"2021-02-22T12:36:57","date_gmt":"2021-02-22T11:36:57","guid":{"rendered":"http:\/\/agora.xtec.cat\/ceipgranullarius\/?p=2075"},"modified":"2021-02-22T12:36:57","modified_gmt":"2021-02-22T11:36:57","slug":"festa-de-carnaval-cicle-inicial","status":"publish","type":"post","link":"https:\/\/agora.xtec.cat\/ceipgranullarius\/portada\/festa-de-carnaval-cicle-inicial\/","title":{"rendered":"\u00a0FESTA DE CARNAVAL. CICLE INICIAL"},"content":{"rendered":"<p style=\"text-align: center;\"><a href=\"https:\/\/agora.xtec.cat\/ceipgranullarius\/wp-content\/uploads\/usu769\/2021\/02\/1.-PORTADA-3.jpg\"><img loading=\"lazy\" decoding=\"async\" class=\"aligncenter size-full wp-image-2076\" src=\"https:\/\/agora.xtec.cat\/ceipgranullarius\/wp-content\/uploads\/usu769\/2021\/02\/1.-PORTADA-3.jpg\" alt=\"\" width=\"1175\" height=\"652\" srcset=\"https:\/\/agora.xtec.cat\/ceipgranullarius\/wp-content\/uploads\/usu769\/2021\/02\/1.-PORTADA-3.jpg 1175w, https:\/\/agora.xtec.cat\/ceipgranullarius\/wp-content\/uploads\/usu769\/2021\/02\/1.-PORTADA-3-300x166.jpg 300w, https:\/\/agora.xtec.cat\/ceipgranullarius\/wp-content\/uploads\/usu769\/2021\/02\/1.-PORTADA-3-768x426.jpg 768w, https:\/\/agora.xtec.cat\/ceipgranullarius\/wp-content\/uploads\/usu769\/2021\/02\/1.-PORTADA-3-1024x568.jpg 1024w\" sizes=\"auto, (max-width: 1175px) 100vw, 1175px\" \/><\/a><\/p>\n<p><span style=\"font-weight: 400;\">Els divendres, vam fer una festa de carnaval per cicles. Els nens i les nenes de cicle inicial van desfilar disfressats del nom de la pel\u00b7l\u00edcula de la seva classe: \u201dCom entrenar el teu drac\u201d, \u201cHarry Potter i la pedra filosofal\u201d, \u201cMascotes\u201d, \u201cHotel Transilv\u00e0nia 3\u201d i \u201cAllibereu en Willy\u201d. La classe dels Incre\u00efbles estaven confinats, per\u00f2 tamb\u00e9 es van disfressar.<\/span><\/p>\n<p><span style=\"font-weight: 400;\">Mireu que b\u00e9 que s\u2019ho van passar!!<\/span><\/p>\n<p><a href=\"https:\/\/photos.app.goo.gl\/UAWBPZDYMnz86QNS6\">\u00c0lbum de fotos.<\/a><\/p>\n","protected":false},"excerpt":{"rendered":"<p><a href=\"https:\/\/agora.xtec.cat\/ceipgranullarius\/wp-content\/uploads\/usu769\/2021\/02\/1.-PORTADA-3.jpg\"><\/a><br \/>\nEls divendres, vam fer una festa de carnaval per cicles. Els nens i les nenes de cicle inicial van desfilar disfressats del nom de la pel\u00b7l\u00edcula de la seva classe: \u201dCom entrenar el teu drac\u201d, \u201cHarry Potter i la pedra filosofal\u201d, \u201cMascotes\u201d, \u201cHotel Transilv\u00e0nia&hellip;  <a href=\"https:\/\/agora.xtec.cat\/ceipgranullarius\/portada\/festa-de-carnaval-cicle-inicial\/\" title=\"Read \u00a0FESTA DE CARNAVAL. CICLE INICIAL\">Llegeix m\u00e9s\u00bb<\/a><\/p>\n","protected":false},"author":1,"featured_media":1151,"comment_status":"closed","ping_status":"closed","sticky":false,"template":"","format":"standard","meta":{"_bbp_topic_count":0,"_bbp_reply_count":0,"_bbp_total_topic_count":0,"_bbp_total_reply_count":0,"_bbp_voice_count":0,"_bbp_anonymous_reply_count":0,"_bbp_topic_count_hidden":0,"_bbp_reply_count_hidden":0,"_bbp_forum_subforum_count":0,"footnotes":""},"categories":[10,11,4],"tags":[],"class_list":["post-2075","post","type-post","status-publish","format-standard","has-post-thumbnail","hentry","category-1r","category-2n","category-portada"],"post_mailing_queue_ids":[],"_links":{"self":[{"href":"https:\/\/agora.xtec.cat\/ceipgranullarius\/wp-json\/wp\/v2\/posts\/2075","targetHints":{"allow":["GET"]}}],"collection":[{"href":"https:\/\/agora.xtec.cat\/ceipgranullarius\/wp-json\/wp\/v2\/posts"}],"about":[{"href":"https:\/\/agora.xtec.cat\/ceipgranullarius\/wp-json\/wp\/v2\/types\/post"}],"author":[{"embeddable":true,"href":"https:\/\/agora.xtec.cat\/ceipgranullarius\/wp-json\/wp\/v2\/users\/1"}],"replies":[{"embeddable":true,"href":"https:\/\/agora.xtec.cat\/ceipgranullarius\/wp-json\/wp\/v2\/comments?post=2075"}],"version-history":[{"count":1,"href":"https:\/\/agora.xtec.cat\/ceipgranullarius\/wp-json\/wp\/v2\/posts\/2075\/revisions"}],"predecessor-version":[{"id":2077,"href":"https:\/\/agora.xtec.cat\/ceipgranullarius\/wp-json\/wp\/v2\/posts\/2075\/revisions\/2077"}],"wp:featuredmedia":[{"embeddable":true,"href":"https:\/\/agora.xtec.cat\/ceipgranullarius\/wp-json\/wp\/v2\/media\/1151"}],"wp:attachment":[{"href":"https:\/\/agora.xtec.cat\/ceipgranullarius\/wp-json\/wp\/v2\/media?parent=2075"}],"wp:term":[{"taxonomy":"category","embeddable":true,"href":"https:\/\/agora.xtec.cat\/ceipgranullarius\/wp-json\/wp\/v2\/categories?post=2075"},{"taxonomy":"post_tag","embeddable":true,"href":"https:\/\/agora.xtec.cat\/ceipgranullarius\/wp-json\/wp\/v2\/tags?post=2075"}],"curies":[{"name":"wp","href":"https:\/\/api.w.org\/{rel}","templated":true}]}}