{"id":2026,"date":"2021-02-04T10:53:46","date_gmt":"2021-02-04T09:53:46","guid":{"rendered":"http:\/\/agora.xtec.cat\/ceipgranullarius\/?p=2026"},"modified":"2021-02-04T10:53:46","modified_gmt":"2021-02-04T09:53:46","slug":"cooperativa-quality-kids-6ea","status":"publish","type":"post","link":"https:\/\/agora.xtec.cat\/ceipgranullarius\/portada\/cooperativa-quality-kids-6ea\/","title":{"rendered":"Cooperativa Quality Kids 6\u00e8A"},"content":{"rendered":"<p style=\"text-align: center;\"><a href=\"https:\/\/agora.xtec.cat\/ceipgranullarius\/wp-content\/uploads\/usu769\/2021\/02\/1PORTADA.jpg\"><img loading=\"lazy\" decoding=\"async\" class=\"aligncenter size-medium wp-image-2027\" src=\"https:\/\/agora.xtec.cat\/ceipgranullarius\/wp-content\/uploads\/usu769\/2021\/02\/1PORTADA-300x225.jpg\" alt=\"\" width=\"300\" height=\"225\" srcset=\"https:\/\/agora.xtec.cat\/ceipgranullarius\/wp-content\/uploads\/usu769\/2021\/02\/1PORTADA-300x225.jpg 300w, https:\/\/agora.xtec.cat\/ceipgranullarius\/wp-content\/uploads\/usu769\/2021\/02\/1PORTADA-768x576.jpg 768w, https:\/\/agora.xtec.cat\/ceipgranullarius\/wp-content\/uploads\/usu769\/2021\/02\/1PORTADA-1024x768.jpg 1024w, https:\/\/agora.xtec.cat\/ceipgranullarius\/wp-content\/uploads\/usu769\/2021\/02\/1PORTADA-200x150.jpg 200w\" sizes=\"auto, (max-width: 300px) 100vw, 300px\" \/><\/a><\/p>\n<p><span style=\"font-weight: 400;\">A 6\u00e8A ja tenim constituida la nostra cooperativa! Es diu Quality Kids i estem molt engrescats amb el projecte. El primer trimestre van fet tota la part burocr\u00e0tica com sol\u00b7licitar el nom, crear els estatuts, demanar el CIF, repartir c\u00e0rrecs\u2026.i tamb\u00e9 vam dissenyar el nostre logotip. Els companys de l\u2019institut Carles Vallbona ens van fer unes xerrades sobre com crear la imatge corporativa i sobre estrat\u00e8gies de m\u00e0rqueting, la veritat molt interessants! Ara ens trobem en un punt del proc\u00e9s on ja hem triat els possibles prototips a vendre i hem de fer un estudi de mercat . Continuem!<\/span><\/p>\n<p><a href=\"https:\/\/photos.app.goo.gl\/HWnScBozXPEFcbTRA\">\u00c0lbum de fotos.<\/a><\/p>\n","protected":false},"excerpt":{"rendered":"<p><a href=\"https:\/\/agora.xtec.cat\/ceipgranullarius\/wp-content\/uploads\/usu769\/2021\/02\/1PORTADA.jpg\"><\/a><br \/>\nA 6\u00e8A ja tenim constituida la nostra cooperativa! Es diu Quality Kids i estem molt engrescats amb el projecte. El primer trimestre van fet tota la part burocr\u00e0tica com sol\u00b7licitar el nom, crear els estatuts, demanar el CIF, repartir c\u00e0rrecs\u2026.i tamb\u00e9 vam dissenyar el&hellip;  <a href=\"https:\/\/agora.xtec.cat\/ceipgranullarius\/portada\/cooperativa-quality-kids-6ea\/\" title=\"Read Cooperativa Quality Kids 6\u00e8A\">Llegeix m\u00e9s\u00bb<\/a><\/p>\n","protected":false},"author":1,"featured_media":1151,"comment_status":"closed","ping_status":"closed","sticky":false,"template":"","format":"standard","meta":{"_bbp_topic_count":0,"_bbp_reply_count":0,"_bbp_total_topic_count":0,"_bbp_total_reply_count":0,"_bbp_voice_count":0,"_bbp_anonymous_reply_count":0,"_bbp_topic_count_hidden":0,"_bbp_reply_count_hidden":0,"_bbp_forum_subforum_count":0,"footnotes":""},"categories":[15,4],"tags":[],"class_list":["post-2026","post","type-post","status-publish","format-standard","has-post-thumbnail","hentry","category-6e","category-portada"],"post_mailing_queue_ids":[],"_links":{"self":[{"href":"https:\/\/agora.xtec.cat\/ceipgranullarius\/wp-json\/wp\/v2\/posts\/2026","targetHints":{"allow":["GET"]}}],"collection":[{"href":"https:\/\/agora.xtec.cat\/ceipgranullarius\/wp-json\/wp\/v2\/posts"}],"about":[{"href":"https:\/\/agora.xtec.cat\/ceipgranullarius\/wp-json\/wp\/v2\/types\/post"}],"author":[{"embeddable":true,"href":"https:\/\/agora.xtec.cat\/ceipgranullarius\/wp-json\/wp\/v2\/users\/1"}],"replies":[{"embeddable":true,"href":"https:\/\/agora.xtec.cat\/ceipgranullarius\/wp-json\/wp\/v2\/comments?post=2026"}],"version-history":[{"count":1,"href":"https:\/\/agora.xtec.cat\/ceipgranullarius\/wp-json\/wp\/v2\/posts\/2026\/revisions"}],"predecessor-version":[{"id":2028,"href":"https:\/\/agora.xtec.cat\/ceipgranullarius\/wp-json\/wp\/v2\/posts\/2026\/revisions\/2028"}],"wp:featuredmedia":[{"embeddable":true,"href":"https:\/\/agora.xtec.cat\/ceipgranullarius\/wp-json\/wp\/v2\/media\/1151"}],"wp:attachment":[{"href":"https:\/\/agora.xtec.cat\/ceipgranullarius\/wp-json\/wp\/v2\/media?parent=2026"}],"wp:term":[{"taxonomy":"category","embeddable":true,"href":"https:\/\/agora.xtec.cat\/ceipgranullarius\/wp-json\/wp\/v2\/categories?post=2026"},{"taxonomy":"post_tag","embeddable":true,"href":"https:\/\/agora.xtec.cat\/ceipgranullarius\/wp-json\/wp\/v2\/tags?post=2026"}],"curies":[{"name":"wp","href":"https:\/\/api.w.org\/{rel}","templated":true}]}}