{"id":2020,"date":"2021-02-04T10:47:26","date_gmt":"2021-02-04T09:47:26","guid":{"rendered":"http:\/\/agora.xtec.cat\/ceipgranullarius\/?p=2020"},"modified":"2021-02-04T10:48:23","modified_gmt":"2021-02-04T09:48:23","slug":"a-6e-a-som-una-pinya","status":"publish","type":"post","link":"https:\/\/agora.xtec.cat\/ceipgranullarius\/portada\/a-6e-a-som-una-pinya\/","title":{"rendered":"A 6\u00e8 A som una pinya!"},"content":{"rendered":"<p style=\"text-align: center;\"><a href=\"https:\/\/agora.xtec.cat\/ceipgranullarius\/wp-content\/uploads\/usu769\/2021\/02\/0.Portada.jpg\"><img loading=\"lazy\" decoding=\"async\" class=\"aligncenter size-medium wp-image-2021\" src=\"https:\/\/agora.xtec.cat\/ceipgranullarius\/wp-content\/uploads\/usu769\/2021\/02\/0.Portada-300x201.jpg\" alt=\"\" width=\"300\" height=\"201\" srcset=\"https:\/\/agora.xtec.cat\/ceipgranullarius\/wp-content\/uploads\/usu769\/2021\/02\/0.Portada-300x201.jpg 300w, https:\/\/agora.xtec.cat\/ceipgranullarius\/wp-content\/uploads\/usu769\/2021\/02\/0.Portada-768x515.jpg 768w, https:\/\/agora.xtec.cat\/ceipgranullarius\/wp-content\/uploads\/usu769\/2021\/02\/0.Portada.jpg 955w\" sizes=\"auto, (max-width: 300px) 100vw, 300px\" \/><\/a><\/p>\n<p><span style=\"font-weight: 400;\">A l\u2019escola donem molta import\u00e0ncia a les activitats de cohesi\u00f3 de grup pel fet que \u00e9s molt important per la socialitzaci\u00f3 de l\u2019alumne\/a , ja que formar part o tenir el sentiment de pertinen\u00e7a en un col\u00b7lectiu fa que pugui desenvolupar tota la part social. A m\u00e9s la cohesi\u00f3 de grup permet enfortir vincles entre companys i companyes\u00a0 i aix\u00ed poder fer una passa endavant a l\u2019hora de treballar de forma col\u00b7laborativa.<\/span><\/p>\n<p><a href=\"https:\/\/photos.app.goo.gl\/rQRR5MyorNLaSizx9\">\u00c0lbum de fotos.<\/a><\/p>\n","protected":false},"excerpt":{"rendered":"<p><a href=\"https:\/\/agora.xtec.cat\/ceipgranullarius\/wp-content\/uploads\/usu769\/2021\/02\/0.Portada.jpg\"><\/a><br \/>\nA l\u2019escola donem molta import\u00e0ncia a les activitats de cohesi\u00f3 de grup pel fet que \u00e9s molt important per la socialitzaci\u00f3 de l\u2019alumne\/a , ja que formar part o tenir el sentiment de pertinen\u00e7a en un col\u00b7lectiu fa que pugui desenvolupar tota la part&hellip;  <a href=\"https:\/\/agora.xtec.cat\/ceipgranullarius\/portada\/a-6e-a-som-una-pinya\/\" title=\"Read A 6\u00e8 A som una pinya!\">Llegeix m\u00e9s\u00bb<\/a><\/p>\n","protected":false},"author":1,"featured_media":1151,"comment_status":"closed","ping_status":"closed","sticky":false,"template":"","format":"standard","meta":{"_bbp_topic_count":0,"_bbp_reply_count":0,"_bbp_total_topic_count":0,"_bbp_total_reply_count":0,"_bbp_voice_count":0,"_bbp_anonymous_reply_count":0,"_bbp_topic_count_hidden":0,"_bbp_reply_count_hidden":0,"_bbp_forum_subforum_count":0,"footnotes":""},"categories":[15,4],"tags":[],"class_list":["post-2020","post","type-post","status-publish","format-standard","has-post-thumbnail","hentry","category-6e","category-portada"],"post_mailing_queue_ids":[],"_links":{"self":[{"href":"https:\/\/agora.xtec.cat\/ceipgranullarius\/wp-json\/wp\/v2\/posts\/2020","targetHints":{"allow":["GET"]}}],"collection":[{"href":"https:\/\/agora.xtec.cat\/ceipgranullarius\/wp-json\/wp\/v2\/posts"}],"about":[{"href":"https:\/\/agora.xtec.cat\/ceipgranullarius\/wp-json\/wp\/v2\/types\/post"}],"author":[{"embeddable":true,"href":"https:\/\/agora.xtec.cat\/ceipgranullarius\/wp-json\/wp\/v2\/users\/1"}],"replies":[{"embeddable":true,"href":"https:\/\/agora.xtec.cat\/ceipgranullarius\/wp-json\/wp\/v2\/comments?post=2020"}],"version-history":[{"count":1,"href":"https:\/\/agora.xtec.cat\/ceipgranullarius\/wp-json\/wp\/v2\/posts\/2020\/revisions"}],"predecessor-version":[{"id":2022,"href":"https:\/\/agora.xtec.cat\/ceipgranullarius\/wp-json\/wp\/v2\/posts\/2020\/revisions\/2022"}],"wp:featuredmedia":[{"embeddable":true,"href":"https:\/\/agora.xtec.cat\/ceipgranullarius\/wp-json\/wp\/v2\/media\/1151"}],"wp:attachment":[{"href":"https:\/\/agora.xtec.cat\/ceipgranullarius\/wp-json\/wp\/v2\/media?parent=2020"}],"wp:term":[{"taxonomy":"category","embeddable":true,"href":"https:\/\/agora.xtec.cat\/ceipgranullarius\/wp-json\/wp\/v2\/categories?post=2020"},{"taxonomy":"post_tag","embeddable":true,"href":"https:\/\/agora.xtec.cat\/ceipgranullarius\/wp-json\/wp\/v2\/tags?post=2020"}],"curies":[{"name":"wp","href":"https:\/\/api.w.org\/{rel}","templated":true}]}}