{"id":2016,"date":"2021-02-04T10:43:55","date_gmt":"2021-02-04T09:43:55","guid":{"rendered":"http:\/\/agora.xtec.cat\/ceipgranullarius\/?p=2016"},"modified":"2021-02-04T10:43:55","modified_gmt":"2021-02-04T09:43:55","slug":"el-dia-de-la-pau","status":"publish","type":"post","link":"https:\/\/agora.xtec.cat\/ceipgranullarius\/educacio-infantil\/el-dia-de-la-pau\/","title":{"rendered":"EL DIA DE LA PAU"},"content":{"rendered":"<p style=\"text-align: center;\"><a href=\"https:\/\/agora.xtec.cat\/ceipgranullarius\/wp-content\/uploads\/usu769\/2021\/02\/5\u00e8-C.jpg\"><img loading=\"lazy\" decoding=\"async\" class=\"aligncenter size-medium wp-image-2018\" src=\"https:\/\/agora.xtec.cat\/ceipgranullarius\/wp-content\/uploads\/usu769\/2021\/02\/5\u00e8-C-300x225.jpg\" alt=\"\" width=\"300\" height=\"225\" srcset=\"https:\/\/agora.xtec.cat\/ceipgranullarius\/wp-content\/uploads\/usu769\/2021\/02\/5\u00e8-C-300x225.jpg 300w, https:\/\/agora.xtec.cat\/ceipgranullarius\/wp-content\/uploads\/usu769\/2021\/02\/5\u00e8-C-768x576.jpg 768w, https:\/\/agora.xtec.cat\/ceipgranullarius\/wp-content\/uploads\/usu769\/2021\/02\/5\u00e8-C-1024x768.jpg 1024w, https:\/\/agora.xtec.cat\/ceipgranullarius\/wp-content\/uploads\/usu769\/2021\/02\/5\u00e8-C-200x150.jpg 200w\" sizes=\"auto, (max-width: 300px) 100vw, 300px\" \/><\/a><\/p>\n<p><span style=\"font-weight: 400;\">El dia 30 de gener es celebra el dia Mundial de la Pau i la no viol\u00e8ncia. Tota l\u2019escola ha fet activitats per celebrar aquest dia i a continuaci\u00f3 podreu veure un tastet d\u2019imatges del que va fer cada grup.<\/span><\/p>\n<p><span style=\"font-weight: 400;\">A P3 s\u2019ha parlat de que vol dir la paraula PAU i van decidir que per ells PAU vol dir ser bons amics, van parlar del que els agrada i no els agrada dels seus amics i van fer-se unes fortes abra\u00e7ades per demostrar que s\u2019estimen molt.<\/span><\/p>\n<p><span style=\"font-weight: 400;\">A P4 tamb\u00e9 van parlar sobre el significat de PAU i van explicar que vol dir no barallar-se, no lluitar, ser bons amics\u2026 Despr\u00e9s van fer jocs cooperatius on s\u2019havien d\u2019ajudar entre ells i van acabar el dia fent-se abra\u00e7ades!<\/span><\/p>\n<p><span style=\"font-weight: 400;\">A P5 van treballar els gestos que simbolitzen la pau i l\u2019amor i van escriure la paraula PAU amb el propi cos!<\/span><\/p>\n<p><span style=\"font-weight: 400;\">Primer va fer coloms de la pau amb paraules relacionades amb el tema i segon va fer el s\u00edmbol de la pau amb puntillisme.<\/span><\/p>\n<p><span style=\"font-weight: 400;\">Tercer va fer un mural col\u00b7lectiu d\u2019un colom de la pau amb missatges i desitjos, fins i tot el 3rA va participar des de casa perqu\u00e8 estaven confinats.\u00a0<\/span><\/p>\n<p><span style=\"font-weight: 400;\">Podeu veure tamb\u00e9 el mural i els videos dels desitjos que ha fet 4t i els s\u00edmbols de la pau amb missatge que han fet a 5\u00e8.<\/span><\/p>\n<p><span style=\"font-weight: 400;\">Els de 6\u00e8 han buscat i escrit en un mural col\u00b7lectiu la paraula PAU amb diferents idiomes i han dibuixat de forma lliure sobre el tema.<\/span><\/p>\n<p><a href=\"https:\/\/photos.app.goo.gl\/ziwawRE653VG5kyd6\">\u00c0lbum de fotos.<\/a><\/p>\n","protected":false},"excerpt":{"rendered":"<p><a href=\"https:\/\/agora.xtec.cat\/ceipgranullarius\/wp-content\/uploads\/usu769\/2021\/02\/5\u00e8-C.jpg\"><\/a><br \/>\nEl dia 30 de gener es celebra el dia Mundial de la Pau i la no viol\u00e8ncia. Tota l\u2019escola ha fet activitats per celebrar aquest dia i a continuaci\u00f3 podreu veure un tastet d\u2019imatges del que va fer cada grup.<br \/>\nA P3 s\u2019ha parlat de&hellip;  <a href=\"https:\/\/agora.xtec.cat\/ceipgranullarius\/educacio-infantil\/el-dia-de-la-pau\/\" title=\"Read EL DIA DE LA PAU\">Llegeix m\u00e9s\u00bb<\/a><\/p>\n","protected":false},"author":1,"featured_media":1151,"comment_status":"closed","ping_status":"closed","sticky":false,"template":"","format":"standard","meta":{"_bbp_topic_count":0,"_bbp_reply_count":0,"_bbp_total_topic_count":0,"_bbp_total_reply_count":0,"_bbp_voice_count":0,"_bbp_anonymous_reply_count":0,"_bbp_topic_count_hidden":0,"_bbp_reply_count_hidden":0,"_bbp_forum_subforum_count":0,"footnotes":""},"categories":[2,3,8,9,4],"tags":[],"class_list":["post-2016","post","type-post","status-publish","format-standard","has-post-thumbnail","hentry","category-educacio-infantil","category-i3","category-i4","category-i5","category-portada"],"post_mailing_queue_ids":[],"_links":{"self":[{"href":"https:\/\/agora.xtec.cat\/ceipgranullarius\/wp-json\/wp\/v2\/posts\/2016","targetHints":{"allow":["GET"]}}],"collection":[{"href":"https:\/\/agora.xtec.cat\/ceipgranullarius\/wp-json\/wp\/v2\/posts"}],"about":[{"href":"https:\/\/agora.xtec.cat\/ceipgranullarius\/wp-json\/wp\/v2\/types\/post"}],"author":[{"embeddable":true,"href":"https:\/\/agora.xtec.cat\/ceipgranullarius\/wp-json\/wp\/v2\/users\/1"}],"replies":[{"embeddable":true,"href":"https:\/\/agora.xtec.cat\/ceipgranullarius\/wp-json\/wp\/v2\/comments?post=2016"}],"version-history":[{"count":2,"href":"https:\/\/agora.xtec.cat\/ceipgranullarius\/wp-json\/wp\/v2\/posts\/2016\/revisions"}],"predecessor-version":[{"id":2019,"href":"https:\/\/agora.xtec.cat\/ceipgranullarius\/wp-json\/wp\/v2\/posts\/2016\/revisions\/2019"}],"wp:featuredmedia":[{"embeddable":true,"href":"https:\/\/agora.xtec.cat\/ceipgranullarius\/wp-json\/wp\/v2\/media\/1151"}],"wp:attachment":[{"href":"https:\/\/agora.xtec.cat\/ceipgranullarius\/wp-json\/wp\/v2\/media?parent=2016"}],"wp:term":[{"taxonomy":"category","embeddable":true,"href":"https:\/\/agora.xtec.cat\/ceipgranullarius\/wp-json\/wp\/v2\/categories?post=2016"},{"taxonomy":"post_tag","embeddable":true,"href":"https:\/\/agora.xtec.cat\/ceipgranullarius\/wp-json\/wp\/v2\/tags?post=2016"}],"curies":[{"name":"wp","href":"https:\/\/api.w.org\/{rel}","templated":true}]}}